{"id":17282,"date":"2017-04-05T18:17:10","date_gmt":"2017-04-05T21:17:10","guid":{"rendered":"http:\/\/caririemacao.com\/1\/?p=17282"},"modified":"2017-04-05T18:17:10","modified_gmt":"2017-04-05T21:17:10","slug":"prefeitos-e-banco-do-brasil-discutem-reabertura-de-agencias-de-sume-e-serra-branca-2","status":"publish","type":"post","link":"https:\/\/www.caririemacao.com\/1\/2017\/04\/05\/prefeitos-e-banco-do-brasil-discutem-reabertura-de-agencias-de-sume-e-serra-branca-2\/","title":{"rendered":"Prefeitos e Banco do Brasil discutem reabertura de ag\u00eancias de Sum\u00e9 e Serra Branca"},"content":{"rendered":"<p>Na tarde desta quarta-feira (5), v\u00e1rios prefeitos que fazem parte da Amcarp e Superintend\u00eancia do Banco do Brasil na Para\u00edba se reuniram para discutir a reabertura das ag\u00eancias de Serra Branca e Sum\u00e9.<\/p>\n<p>Participaram da reuni\u00e3o os prefeitos \u00c9den Duarte (Sum\u00e9), Souzinha (Serra Branca), Jeferson Roberto (S\u00e3o Jos\u00e9 dos Cordeiros), Joza (Parari), Silvano Dudu (Cara\u00fabas), Givaldo (Coxixola), Cosme (S\u00e3o Jo\u00e3o do Cariri) e Ronaldo Queiroz (Gurj\u00e3o), atual presidente da Associa\u00e7\u00e3o dos Munic\u00edpios do Cariri Paraibano.<\/p>\n<p>Al\u00e9m dos prefeitos, a reuni\u00e3o tamb\u00e9m contou com a presen\u00e7a do gerente de neg\u00f3cios e governo da Superintend\u00eancia Estadual, F\u00e1bio Cardoso, do Gerente geral de neg\u00f3cios de Sum\u00e9, Sebasti\u00e3o Brito, gerente de neg\u00f3cios da ag\u00eancia Serra Branca, Ricardo Almeida, gerente da ag\u00eancia de Soledade, Alessandro Vieira e do assessor da Superintend\u00eancia, Silv\u00e2nio Alves.<\/p>\n<p>A reuni\u00e3o foi basicamente para debater a possibilidade das reaberturas das agencias banc\u00e1rias. Segundo F\u00e1bio Cardoso, a ag\u00eancia de Sum\u00e9 ser\u00e1 reformada e reaberta nestes pr\u00f3ximos meses. J\u00e1 a de Serra Branca, \u00e9 necess\u00e1rio passar por uns tramites, inclusive com a cria\u00e7\u00e3o de um Conselho Municipal de Seguran\u00e7a P\u00fablica.<\/p>\n<p>Em rela\u00e7\u00e3o \u00e0 cria\u00e7\u00e3o do Conselho Municipal de Seguran\u00e7a P\u00fablica de Serra Branca, o prefeito Souzinha disse que ir\u00e1 imediatamente formalizar o conselho e que isso n\u00e3o ser\u00e1 o impedimento para travar a reabertura.<\/p>\n<p>J\u00e1 o prefeito de Sum\u00e9, \u00c9den Duarte, se disponibilizou em ajudar no que fosse necess\u00e1rio para acelerar a reabertura da agencia de Sum\u00e9. Ele ficou satisfeito com a not\u00edcia de que agencia ser\u00e1 reaberta logo.<\/p>\n<p>Na reuni\u00e3o, os prefeitos tamb\u00e9m tiveram a oportunidade de relatar \u00e0 situa\u00e7\u00e3o de cada munic\u00edpio, no tocante a tem\u00e1tica do encontro. O Prefeito de Cara\u00fabas, Silvano Dudu, disse que o seu munic\u00edpio est\u00e1 sendo muito prejudicado com o fechamento dessas agencias e que se depender de Cara\u00fabas as agencias ser\u00e3o reabertas.<\/p>\n<p>Jeferson Roberto, de S\u00e3o Jos\u00e9 dos Cordeiros, falou que o munic\u00edpio sempre foi parceiro dos munic\u00edpios da regi\u00e3o e continuar\u00e1 sendo, para que a agencia de Serra Branca, principalmente, venha a funcionar e beneficiar a popula\u00e7\u00e3o cordeirense.<\/p>\n<p>O presidente da Amcarp e prefeito de Gurj\u00e3o, Ronaldo Queiroz, avaliou o encontro como positivo e disse que desta reuni\u00e3o sa\u00edram resultados positivos. \u201cVamos continuar buscando solu\u00e7\u00f5es para as cidades de nossa regi\u00e3o, atrav\u00e9s da Amcarp\u201d, destacou.<\/p>\n<p><a href=\"https:\/\/www.facebook.com\/pg\/CaririEmAcao\/photos\/?tab=album&amp;album_id=991703317632358\">Fotos exclusivas do Portal de Not\u00edcias CARIRI EM A\u00c7\u00c3O. Direitos reservados &#8211; Copyright \u00a9 2017 Cariri em A\u00e7\u00e3o.<\/a><\/p>\n<p><strong>CARIRI EM A\u00c7\u00c3O\u00a0<\/strong><\/p>\n<p><strong>Leia mais not\u00edcias em\u00a0<a href=\"http:\/\/www.caririemacao.com\/\">caririemacao.com<\/a>, siga nossa p\u00e1gina no<a href=\"https:\/\/www.facebook.com\/CaririEmAcao\/\">\u00a0Facebook<\/a>\u00a0e\u00a0<a href=\"https:\/\/www.instagram.com\/cariri_em_acao\/?hl=pt-br\">Instagram<\/a>\u00a0veja nossas mat\u00e9rias e fotos. Voc\u00ea tamb\u00e9m pode enviar informa\u00e7\u00f5es \u00e0 Reda\u00e7\u00e3o do Portal Cariri em A\u00e7\u00e3o pelo WhatsApp (83) 9 9634.5791, (83) 9 9601-1162 ou (83) 9 994189.<\/strong><\/p>\n","protected":false},"excerpt":{"rendered":"<p>Na tarde desta quarta-feira (5), v\u00e1rios prefeitos que fazem parte da Amcarp e Superintend\u00eancia do Banco do Brasil na Para\u00edba se reuniram para discutir a&hellip; <\/p>\n","protected":false},"author":2,"featured_media":17267,"comment_status":"closed","ping_status":"closed","sticky":false,"template":"","format":"standard","meta":{"sfsi_plus_gutenberg_text_before_share":"","sfsi_plus_gutenberg_show_text_before_share":"","sfsi_plus_gutenberg_icon_type":"","sfsi_plus_gutenberg_icon_alignemt":"","sfsi_plus_gutenburg_max_per_row":"","footnotes":""},"categories":[11],"tags":[],"class_list":["post-17282","post","type-post","status-publish","format-standard","has-post-thumbnail","hentry","category-politica"],"_links":{"self":[{"href":"https:\/\/www.caririemacao.com\/1\/wp-json\/wp\/v2\/posts\/17282","targetHints":{"allow":["GET"]}}],"collection":[{"href":"https:\/\/www.caririemacao.com\/1\/wp-json\/wp\/v2\/posts"}],"about":[{"href":"https:\/\/www.caririemacao.com\/1\/wp-json\/wp\/v2\/types\/post"}],"author":[{"embeddable":true,"href":"https:\/\/www.caririemacao.com\/1\/wp-json\/wp\/v2\/users\/2"}],"replies":[{"embeddable":true,"href":"https:\/\/www.caririemacao.com\/1\/wp-json\/wp\/v2\/comments?post=17282"}],"version-history":[{"count":0,"href":"https:\/\/www.caririemacao.com\/1\/wp-json\/wp\/v2\/posts\/17282\/revisions"}],"wp:featuredmedia":[{"embeddable":true,"href":"https:\/\/www.caririemacao.com\/1\/wp-json\/wp\/v2\/media\/17267"}],"wp:attachment":[{"href":"https:\/\/www.caririemacao.com\/1\/wp-json\/wp\/v2\/media?parent=17282"}],"wp:term":[{"taxonomy":"category","embeddable":true,"href":"https:\/\/www.caririemacao.com\/1\/wp-json\/wp\/v2\/categories?post=17282"},{"taxonomy":"post_tag","embeddable":true,"href":"https:\/\/www.caririemacao.com\/1\/wp-json\/wp\/v2\/tags?post=17282"}],"curies":[{"name":"wp","href":"https:\/\/api.w.org\/{rel}","templated":true}]}}