{"id":172820,"date":"2020-06-04T07:22:21","date_gmt":"2020-06-04T10:22:21","guid":{"rendered":"https:\/\/www.caririemacao.com\/1\/?p=172820"},"modified":"2020-06-04T07:22:21","modified_gmt":"2020-06-04T10:22:21","slug":"brasileiros-participarao-de-testes-de-vacina-contra-coronavirus-da-universidade-de-oxford","status":"publish","type":"post","link":"https:\/\/www.caririemacao.com\/1\/2020\/06\/04\/brasileiros-participarao-de-testes-de-vacina-contra-coronavirus-da-universidade-de-oxford\/","title":{"rendered":"Brasileiros participar\u00e3o de testes de vacina contra coronav\u00edrus da Universidade de Oxford"},"content":{"rendered":"\n<h1 class=\"wp-block-heading\"><\/h1>\n\n\n\n<p>Em S\u00e3o Paulo, os testes ser\u00e3o conduzidos pelo Centro de Refer\u00eancia para Imunobiol\u00f3gicos Especiais (CRIE) da Unifesp (Universidade Federal de S\u00e3o Paulo), e contaram com a viabiliza\u00e7\u00e3o financeira da Funda\u00e7\u00e3o Lemann no custeio de toda a infraestrutura m\u00e9dica e de equipamentos necess\u00e1rios.<\/p>\n\n\n\n<p>A articula\u00e7\u00e3o para a vinda dos testes ao Brasil contou com a lideran\u00e7a de Sue Ann Costa Clemens, diretora do Instituto para a Sa\u00fade Global da Universidade de Siena e pesquisadora brasileira especialista em doen\u00e7as infecciosas e preven\u00e7\u00e3o por vacinas, investigadora do estudo.<\/p>\n\n\n\n<p>Para a etapa dos testes em S\u00e3o Paulo, a Unifesp recrutar\u00e1 volunt\u00e1rios que estejam na linha de frente do combate \u00e0 Covid-19, uma vez que est\u00e3o mais expostos \u00e0 contamina\u00e7\u00e3o. Eles precisam ser soronegativo, ou seja, pessoas que n\u00e3o tenham contra\u00eddo a doen\u00e7a anteriormente.<\/p>\n\n\n\n<p>Segundo Lily Yin Weckx, investigadora principal do estudo e coordenadora do CRIE-Unifesp, &#8220;o mais importante \u00e9 realizar essa etapa do estudo agora, quando a curva epidemiol\u00f3gica ainda \u00e9 ascendente e os resultados poder\u00e3o ser mais assertivos.&#8221;<br>H\u00e1 outros pa\u00edses cuja participa\u00e7\u00e3o est\u00e1 em processo de an\u00e1lise e aprova\u00e7\u00e3o. Os resultados desses testes ser\u00e3o primordiais para o registro da vacina no Reino Unido, previsto para final deste ano. Entretanto, o registro formal deve acontecer apenas ap\u00f3s a conclus\u00e3o dos estudos realizados em todos os pa\u00edses participantes.<\/p>\n\n\n\n<p>Em comunicado \u00e0 imprensa, Denis Mizne, diretor-executivo da Funda\u00e7\u00e3o Lemann, organiza\u00e7\u00e3o viabilizadora dos recursos necess\u00e1rios \u00e0 realiza\u00e7\u00e3o do estudo de efic\u00e1cia da vacina em S\u00e3o Paulo, &#8220;inserir o Brasil no panorama de vacinas contra a Covid-19 \u00e9 um marco importante para n\u00f3s, brasileiros, e acredito que poderemos acelerar solu\u00e7\u00f5es que tragam bons resultados e r\u00e1pidos. Para a Funda\u00e7\u00e3o Lemann esta \u00e9 mais uma importante oportunidade de contribuir em iniciativas de grande impacto para o nosso pa\u00eds e sua gente.&#8221;<\/p>\n","protected":false},"excerpt":{"rendered":"<p>Em S\u00e3o Paulo, os testes ser\u00e3o conduzidos pelo Centro de Refer\u00eancia para Imunobiol\u00f3gicos Especiais (CRIE) da Unifesp (Universidade Federal de S\u00e3o Paulo), e contaram com&hellip; <\/p>\n","protected":false},"author":2,"featured_media":172821,"comment_status":"closed","ping_status":"closed","sticky":false,"template":"","format":"standard","meta":{"sfsi_plus_gutenberg_text_before_share":"","sfsi_plus_gutenberg_show_text_before_share":"","sfsi_plus_gutenberg_icon_type":"","sfsi_plus_gutenberg_icon_alignemt":"","sfsi_plus_gutenburg_max_per_row":"","footnotes":""},"categories":[2],"tags":[],"class_list":["post-172820","post","type-post","status-publish","format-standard","has-post-thumbnail","hentry","category-geral"],"_links":{"self":[{"href":"https:\/\/www.caririemacao.com\/1\/wp-json\/wp\/v2\/posts\/172820","targetHints":{"allow":["GET"]}}],"collection":[{"href":"https:\/\/www.caririemacao.com\/1\/wp-json\/wp\/v2\/posts"}],"about":[{"href":"https:\/\/www.caririemacao.com\/1\/wp-json\/wp\/v2\/types\/post"}],"author":[{"embeddable":true,"href":"https:\/\/www.caririemacao.com\/1\/wp-json\/wp\/v2\/users\/2"}],"replies":[{"embeddable":true,"href":"https:\/\/www.caririemacao.com\/1\/wp-json\/wp\/v2\/comments?post=172820"}],"version-history":[{"count":1,"href":"https:\/\/www.caririemacao.com\/1\/wp-json\/wp\/v2\/posts\/172820\/revisions"}],"predecessor-version":[{"id":172822,"href":"https:\/\/www.caririemacao.com\/1\/wp-json\/wp\/v2\/posts\/172820\/revisions\/172822"}],"wp:featuredmedia":[{"embeddable":true,"href":"https:\/\/www.caririemacao.com\/1\/wp-json\/wp\/v2\/media\/172821"}],"wp:attachment":[{"href":"https:\/\/www.caririemacao.com\/1\/wp-json\/wp\/v2\/media?parent=172820"}],"wp:term":[{"taxonomy":"category","embeddable":true,"href":"https:\/\/www.caririemacao.com\/1\/wp-json\/wp\/v2\/categories?post=172820"},{"taxonomy":"post_tag","embeddable":true,"href":"https:\/\/www.caririemacao.com\/1\/wp-json\/wp\/v2\/tags?post=172820"}],"curies":[{"name":"wp","href":"https:\/\/api.w.org\/{rel}","templated":true}]}}