{"id":172824,"date":"2020-06-04T07:39:02","date_gmt":"2020-06-04T10:39:02","guid":{"rendered":"https:\/\/www.caririemacao.com\/1\/?p=172824"},"modified":"2020-06-04T07:39:02","modified_gmt":"2020-06-04T10:39:02","slug":"sete-cidades-do-cariri-ainda-seguem-sem-registrar-casos-da-covid-19","status":"publish","type":"post","link":"https:\/\/www.caririemacao.com\/1\/2020\/06\/04\/sete-cidades-do-cariri-ainda-seguem-sem-registrar-casos-da-covid-19\/","title":{"rendered":"Sete cidades do Cariri ainda seguem sem registrar casos da Covid-19"},"content":{"rendered":"\n<h1 class=\"wp-block-heading\"><\/h1>\n\n\n\n<p>Com a prolifera\u00e7\u00e3o r\u00e1pida de cont\u00e1gio do novo coronav\u00edrus (Covid-19), a maioria dos munic\u00edpios da Para\u00edba j\u00e1 registraram casos da doen\u00e7a, atingindo mais de 80% das cidades do estado. Apesar da concentra\u00e7\u00e3o nas cidades pr\u00f3ximas da capital, os casos de Covid-19 est\u00e3o espalhados por todo o interior da Para\u00edba.<\/p>\n\n\n\n<p>Na regi\u00e3o do Cariri, a porcentagem de munic\u00edpios atingidos tamb\u00e9m segue a m\u00e9dia estadual, estando apenas sete cidades sem registrar nenhum caso do Covid-19. S\u00e3o eles: Camala\u00fa, Livramento, Parari, Prata, Santo Andr\u00e9, S\u00e3o Domingos do Cariri e Zabel\u00ea.<\/p>\n\n\n\n<p>Estas cidades seguem zeradas pelos registros de casos, mas apesar disso permanecem atentas e realizando a\u00e7\u00f5es de preven\u00e7\u00e3o e combate ao novo v\u00edrus.<\/p>\n\n\n\n<p>Os munic\u00edpios mais afetados na regi\u00e3o do Cariri s\u00e3o os de Juazeirinho, Tapero\u00e1, Monteiro e Boa Vista. Apesar dos in\u00fameros casos j\u00e1 confirmados no Cariri, a regi\u00e3o tamb\u00e9m concentra um grande \u00edndice de pacientes recuperados, que j\u00e1 receberam alta m\u00e9dica, principalmente nos munic\u00edpios mais afetados. A regi\u00e3o tamb\u00e9m tem adotado uma estrat\u00e9gia elogiada, que \u00e9 a testagem em todos os pacientes com s\u00edndromes gripais.<\/p>\n\n\n\n<p><strong>Confira o n\u00fameros de casos confirmados e recuperados nos munic\u00edpios mais atingidos no Cariri:<\/strong><\/p>\n\n\n\n<p>Juazeirinho: 53 confirmados \u2013 17 recuperados<\/p>\n\n\n\n<p>Tapero\u00e1: 34 confirmados \u2013 20 recuperados<\/p>\n\n\n\n<p>Monteiro: 32 confirmados \u2013 16 recuperados<\/p>\n\n\n\n<p>Boa Vista: 32 confirmados \u2013 20 recuperados<\/p>\n\n\n\n<p><strong>De Olho no Cariri<\/strong><\/p>\n","protected":false},"excerpt":{"rendered":"<p>Com a prolifera\u00e7\u00e3o r\u00e1pida de cont\u00e1gio do novo coronav\u00edrus (Covid-19), a maioria dos munic\u00edpios da Para\u00edba j\u00e1 registraram casos da doen\u00e7a, atingindo mais de 80%&hellip; <\/p>\n","protected":false},"author":2,"featured_media":172825,"comment_status":"closed","ping_status":"closed","sticky":false,"template":"","format":"standard","meta":{"sfsi_plus_gutenberg_text_before_share":"","sfsi_plus_gutenberg_show_text_before_share":"","sfsi_plus_gutenberg_icon_type":"","sfsi_plus_gutenberg_icon_alignemt":"","sfsi_plus_gutenburg_max_per_row":"","footnotes":""},"categories":[2],"tags":[],"class_list":["post-172824","post","type-post","status-publish","format-standard","has-post-thumbnail","hentry","category-geral"],"_links":{"self":[{"href":"https:\/\/www.caririemacao.com\/1\/wp-json\/wp\/v2\/posts\/172824","targetHints":{"allow":["GET"]}}],"collection":[{"href":"https:\/\/www.caririemacao.com\/1\/wp-json\/wp\/v2\/posts"}],"about":[{"href":"https:\/\/www.caririemacao.com\/1\/wp-json\/wp\/v2\/types\/post"}],"author":[{"embeddable":true,"href":"https:\/\/www.caririemacao.com\/1\/wp-json\/wp\/v2\/users\/2"}],"replies":[{"embeddable":true,"href":"https:\/\/www.caririemacao.com\/1\/wp-json\/wp\/v2\/comments?post=172824"}],"version-history":[{"count":1,"href":"https:\/\/www.caririemacao.com\/1\/wp-json\/wp\/v2\/posts\/172824\/revisions"}],"predecessor-version":[{"id":172826,"href":"https:\/\/www.caririemacao.com\/1\/wp-json\/wp\/v2\/posts\/172824\/revisions\/172826"}],"wp:featuredmedia":[{"embeddable":true,"href":"https:\/\/www.caririemacao.com\/1\/wp-json\/wp\/v2\/media\/172825"}],"wp:attachment":[{"href":"https:\/\/www.caririemacao.com\/1\/wp-json\/wp\/v2\/media?parent=172824"}],"wp:term":[{"taxonomy":"category","embeddable":true,"href":"https:\/\/www.caririemacao.com\/1\/wp-json\/wp\/v2\/categories?post=172824"},{"taxonomy":"post_tag","embeddable":true,"href":"https:\/\/www.caririemacao.com\/1\/wp-json\/wp\/v2\/tags?post=172824"}],"curies":[{"name":"wp","href":"https:\/\/api.w.org\/{rel}","templated":true}]}}