{"id":172833,"date":"2020-06-04T08:06:40","date_gmt":"2020-06-04T11:06:40","guid":{"rendered":"https:\/\/www.caririemacao.com\/1\/?p=172833"},"modified":"2020-06-04T08:06:40","modified_gmt":"2020-06-04T11:06:40","slug":"programacao-digital-do-maior-sao-joao-do-mundo-e-divulgada-lives-acontecerao-nos-dias-23-24-e-27-de-junho","status":"publish","type":"post","link":"https:\/\/www.caririemacao.com\/1\/2020\/06\/04\/programacao-digital-do-maior-sao-joao-do-mundo-e-divulgada-lives-acontecerao-nos-dias-23-24-e-27-de-junho\/","title":{"rendered":"Programa\u00e7\u00e3o digital do Maior S\u00e3o Jo\u00e3o do Mundo \u00e9 divulgada; lives acontecer\u00e3o nos dias 23, 24 e 27 de junho"},"content":{"rendered":"\n<h1 class=\"wp-block-heading\"><\/h1>\n\n\n\n<p>A empresa organizadora do tradicional S\u00e3o Jo\u00e3o de Campina Grande divulgou na noite desta ter\u00e7a-feira (02) a programa\u00e7\u00e3o da festa digital. Devido \u00e0 pandemia do novo coronav\u00edrus, a festa precisou ser adiada e dever\u00e1 acontecer somente no m\u00eas de outubro, segundo as informa\u00e7\u00f5es at\u00e9 o momento.<\/p>\n\n\n\n<p>Para n\u00e3o deixar o m\u00eas de junho passar em branco, foram anunciadas programa\u00e7\u00f5es de apresenta\u00e7\u00f5es ao vivo atrav\u00e9s das redes sociais. As datas escolhidas s\u00e3o os dias 23, 24 e 27 de junho.<\/p>\n\n\n\n<p>Dentre as principais atra\u00e7\u00f5es est\u00e3o Elba Ramalho, Cavalo de Pau, Cavaleiros do Forr\u00f3 e Batista Lima.&nbsp;Os shows ser\u00e3o transmitidos atrav\u00e9s do canal do Maior S\u00e3o Jo\u00e3o do Mundo no Youtube.<\/p>\n\n\n\n<p>De acordo com a Medow Produ\u00e7\u00f5es, a inten\u00e7\u00e3o da realiza\u00e7\u00e3o dessas lives \u00e9 tamb\u00e9m colaborar com institui\u00e7\u00f5es filantr\u00f3picas da cidade de Campina Grande. Por meio de doa\u00e7\u00f5es, os organizadores do evento pretendem exercer a solidariedade e ajudar as pessoas que est\u00e3o precisando nesta \u00e9poca de pandemia.<\/p>\n\n\n\n<p><strong>Confira a programa\u00e7\u00e3o:<\/strong><\/p>\n\n\n\n<p>V\u00e9spera de S\u00e3o Jo\u00e3o \u2013 23 de junho \u2013 apresenta\u00e7\u00f5es de Elba Ramalho, Eliane, Walkiria, Fabr\u00edcio Rodrigues e Gitana Pimentel.<\/p>\n\n\n\n<p>Dia de S\u00e3o Jo\u00e3o \u2013 24 de junho \u2013 Cavalo de Pau, Adu\u00edlio Mendes, Banda Cascavel, Iohannes, Fabiano Guimar\u00e3es e Felipe Warley.<\/p>\n\n\n\n<p>27 de junho \u2013 Cavaleiros do Forr\u00f3, Batista Lima, Ney Alves, Pedrinho Pega\u00e7\u00e3o, Tr\u00eas do Nordeste e Estela Alves.<\/p>\n","protected":false},"excerpt":{"rendered":"<p>A empresa organizadora do tradicional S\u00e3o Jo\u00e3o de Campina Grande divulgou na noite desta ter\u00e7a-feira (02) a programa\u00e7\u00e3o da festa digital. Devido \u00e0 pandemia do&hellip; <\/p>\n","protected":false},"author":2,"featured_media":172834,"comment_status":"closed","ping_status":"closed","sticky":false,"template":"","format":"standard","meta":{"sfsi_plus_gutenberg_text_before_share":"","sfsi_plus_gutenberg_show_text_before_share":"","sfsi_plus_gutenberg_icon_type":"","sfsi_plus_gutenberg_icon_alignemt":"","sfsi_plus_gutenburg_max_per_row":"","footnotes":""},"categories":[2],"tags":[],"class_list":["post-172833","post","type-post","status-publish","format-standard","has-post-thumbnail","hentry","category-geral"],"_links":{"self":[{"href":"https:\/\/www.caririemacao.com\/1\/wp-json\/wp\/v2\/posts\/172833","targetHints":{"allow":["GET"]}}],"collection":[{"href":"https:\/\/www.caririemacao.com\/1\/wp-json\/wp\/v2\/posts"}],"about":[{"href":"https:\/\/www.caririemacao.com\/1\/wp-json\/wp\/v2\/types\/post"}],"author":[{"embeddable":true,"href":"https:\/\/www.caririemacao.com\/1\/wp-json\/wp\/v2\/users\/2"}],"replies":[{"embeddable":true,"href":"https:\/\/www.caririemacao.com\/1\/wp-json\/wp\/v2\/comments?post=172833"}],"version-history":[{"count":1,"href":"https:\/\/www.caririemacao.com\/1\/wp-json\/wp\/v2\/posts\/172833\/revisions"}],"predecessor-version":[{"id":172835,"href":"https:\/\/www.caririemacao.com\/1\/wp-json\/wp\/v2\/posts\/172833\/revisions\/172835"}],"wp:featuredmedia":[{"embeddable":true,"href":"https:\/\/www.caririemacao.com\/1\/wp-json\/wp\/v2\/media\/172834"}],"wp:attachment":[{"href":"https:\/\/www.caririemacao.com\/1\/wp-json\/wp\/v2\/media?parent=172833"}],"wp:term":[{"taxonomy":"category","embeddable":true,"href":"https:\/\/www.caririemacao.com\/1\/wp-json\/wp\/v2\/categories?post=172833"},{"taxonomy":"post_tag","embeddable":true,"href":"https:\/\/www.caririemacao.com\/1\/wp-json\/wp\/v2\/tags?post=172833"}],"curies":[{"name":"wp","href":"https:\/\/api.w.org\/{rel}","templated":true}]}}