{"id":172837,"date":"2020-06-04T08:09:52","date_gmt":"2020-06-04T11:09:52","guid":{"rendered":"https:\/\/www.caririemacao.com\/1\/?p=172837"},"modified":"2020-06-04T08:09:52","modified_gmt":"2020-06-04T11:09:52","slug":"senado-aprova-prevencao-a-violencia-domestica-como-servico-essencial","status":"publish","type":"post","link":"https:\/\/www.caririemacao.com\/1\/2020\/06\/04\/senado-aprova-prevencao-a-violencia-domestica-como-servico-essencial\/","title":{"rendered":"Senado aprova preven\u00e7\u00e3o \u00e0 viol\u00eancia dom\u00e9stica como servi\u00e7o essencial"},"content":{"rendered":"\n<h2 class=\"wp-block-heading\"><\/h2>\n\n\n\n<p>O Senado aprovou&nbsp;hoje&nbsp;(3) um Projeto de Lei (PL) que define como essenciais os servi\u00e7os de preven\u00e7\u00e3o e combate \u00e0 viol\u00eancia&nbsp;dom\u00e9stica. Dessa forma, n\u00e3o podem ser suspensos em virtude da pandemia do novo coronav\u00edrus. A lei inclui em seu texto todo servi\u00e7o e atividade relacionados \u00e0 viol\u00eancia contra a mulher, idosos, crian\u00e7as ou adolescentes. O texto retorna para a C\u00e2mara por&nbsp;ter&nbsp;sido alterado pelos senadores.<\/p>\n\n\n\n<p>De acordo com o projeto, o poder p\u00fablico dever\u00e1 oferecer, enquanto durar o estado de emerg\u00eancia, resid\u00eancias tempor\u00e1rias, em casas-abrigo ou casas de acolhimento, para mulheres, adolescentes e crian\u00e7as em situa\u00e7\u00e3o de viol\u00eancia&nbsp;dom\u00e9stica e familiar. Da mesma forma, o atendimento psicol\u00f3gico e, quando necess\u00e1rio, apoio pedag\u00f3gico para crian\u00e7as e adolescentes, tamb\u00e9m dever\u00e1 ser oferecido.<\/p>\n\n\n\n<p>\u201c[\u2026] em tempos de crises sanit\u00e1rias e humanit\u00e1rias, os conflitos sociais s\u00e3o potencializados, expondo a popula\u00e7\u00e3o mais vulner\u00e1vel a n\u00edveis inaceit\u00e1veis de viol\u00eancia, principalmente a praticada no \u00e2mbito&nbsp;dom\u00e9stico e familiar. Nesse cen\u00e1rio, mostra-se fundamental que servi\u00e7os de atendimento \u00e0s mulheres previstos na Lei Maria da Penha n\u00e3o sejam descontinuados\u201d, disse a relatora do projeto, Rose de Freitas (Podemos-ES), em seu parecer.<\/p>\n\n\n\n<p>O projeto determina ainda que devem ser repassadas \u00e0s autoridades em at\u00e9 48 horas as den\u00fancias de viol\u00eancia&nbsp;dom\u00e9stica feitas atrav\u00e9s da Central de Atendimento \u00e0 Mulher em Situa\u00e7\u00e3o de Viol\u00eancia (Ligue 180) e do servi\u00e7o de prote\u00e7\u00e3o de crian\u00e7as e adolescentes com foco em viol\u00eancia sexual (Disque 100). Al\u00e9m disso, enquanto durar o estado de calamidade, as penas pela pr\u00e1tica de viol\u00eancia&nbsp;dom\u00e9stica previstas em lei devem ser aplicadas em dobro.<\/p>\n\n\n\n<p>O PL original \u00e9 de autoria da deputada Maria do Ros\u00e1rio (PT-RS), com co-autoria de outras 22 deputadas da bancada feminina. Ao longo da sess\u00e3o, senadoras tamb\u00e9m defenderam o projeto. Simone Tebet (MDB-MS) foi uma delas. \u201c[o projeto] tem o apoio de toda a bancada feminina [&#8230;]. Essa conviv\u00eancia de 24 horas, infelizmente, de confinamento n\u00e3o tem feito bem nesse aspecto \u00e0s fam\u00edlias brasileiras. O n\u00famero de den\u00fancias tem aumentado, mas principalmente o n\u00famero de feminic\u00eddios \u2013 matar uma mulher em raz\u00e3o de ser mulher\u201d.<\/p>\n","protected":false},"excerpt":{"rendered":"<p>O Senado aprovou&nbsp;hoje&nbsp;(3) um Projeto de Lei (PL) que define como essenciais os servi\u00e7os de preven\u00e7\u00e3o e combate \u00e0 viol\u00eancia&nbsp;dom\u00e9stica. Dessa forma, n\u00e3o podem ser&hellip; <\/p>\n","protected":false},"author":2,"featured_media":172838,"comment_status":"closed","ping_status":"closed","sticky":false,"template":"","format":"standard","meta":{"sfsi_plus_gutenberg_text_before_share":"","sfsi_plus_gutenberg_show_text_before_share":"","sfsi_plus_gutenberg_icon_type":"","sfsi_plus_gutenberg_icon_alignemt":"","sfsi_plus_gutenburg_max_per_row":"","footnotes":""},"categories":[50,2],"tags":[],"class_list":["post-172837","post","type-post","status-publish","format-standard","has-post-thumbnail","hentry","category-destaque","category-geral"],"_links":{"self":[{"href":"https:\/\/www.caririemacao.com\/1\/wp-json\/wp\/v2\/posts\/172837","targetHints":{"allow":["GET"]}}],"collection":[{"href":"https:\/\/www.caririemacao.com\/1\/wp-json\/wp\/v2\/posts"}],"about":[{"href":"https:\/\/www.caririemacao.com\/1\/wp-json\/wp\/v2\/types\/post"}],"author":[{"embeddable":true,"href":"https:\/\/www.caririemacao.com\/1\/wp-json\/wp\/v2\/users\/2"}],"replies":[{"embeddable":true,"href":"https:\/\/www.caririemacao.com\/1\/wp-json\/wp\/v2\/comments?post=172837"}],"version-history":[{"count":1,"href":"https:\/\/www.caririemacao.com\/1\/wp-json\/wp\/v2\/posts\/172837\/revisions"}],"predecessor-version":[{"id":172839,"href":"https:\/\/www.caririemacao.com\/1\/wp-json\/wp\/v2\/posts\/172837\/revisions\/172839"}],"wp:featuredmedia":[{"embeddable":true,"href":"https:\/\/www.caririemacao.com\/1\/wp-json\/wp\/v2\/media\/172838"}],"wp:attachment":[{"href":"https:\/\/www.caririemacao.com\/1\/wp-json\/wp\/v2\/media?parent=172837"}],"wp:term":[{"taxonomy":"category","embeddable":true,"href":"https:\/\/www.caririemacao.com\/1\/wp-json\/wp\/v2\/categories?post=172837"},{"taxonomy":"post_tag","embeddable":true,"href":"https:\/\/www.caririemacao.com\/1\/wp-json\/wp\/v2\/tags?post=172837"}],"curies":[{"name":"wp","href":"https:\/\/api.w.org\/{rel}","templated":true}]}}