{"id":172845,"date":"2020-06-04T08:17:39","date_gmt":"2020-06-04T11:17:39","guid":{"rendered":"https:\/\/www.caririemacao.com\/1\/?p=172845"},"modified":"2020-06-04T08:17:39","modified_gmt":"2020-06-04T11:17:39","slug":"prefeitura-de-ouro-velho-doa-cestas-basicas-para-familias-carentes","status":"publish","type":"post","link":"https:\/\/www.caririemacao.com\/1\/2020\/06\/04\/prefeitura-de-ouro-velho-doa-cestas-basicas-para-familias-carentes\/","title":{"rendered":"Prefeitura de Ouro Velho doa cestas b\u00e1sicas para fam\u00edlias carentes"},"content":{"rendered":"\n<h1 class=\"wp-block-heading\"><\/h1>\n\n\n\n<hr class=\"wp-block-separator\"\/>\n\n\n\n<p>A prefeitura municipal de Ouro velho , atrav\u00e9s da Secretaria Municipal de A\u00e7\u00e3o Social , realizou na manh\u00e3 desta quarta- feira 03, a entrega de cestas b\u00e1sicas para v\u00e1rias fam\u00edlias carentes do munic\u00edpio.<\/p>\n\n\n\n<p>O objetivo das doa\u00e7\u00f5es das cestas b\u00e1sicas, de acordo com o m\u00e9dico da fam\u00edlia, Dr. Junior, \u00e9 amenizar os efeitos provocados pela pandemia do novo coronav\u00edrus.<\/p>\n\n\n\n<p>A prefeitura continua realizando v\u00e1rias a\u00e7\u00f5es no munic\u00edpio, doando alimentos, adquirindo equipamentos em combate a covid-19 no munic\u00edpio<\/p>\n","protected":false},"excerpt":{"rendered":"<p>A prefeitura municipal de Ouro velho , atrav\u00e9s da Secretaria Municipal de A\u00e7\u00e3o Social , realizou na manh\u00e3 desta quarta- feira 03, a entrega de&hellip; <\/p>\n","protected":false},"author":2,"featured_media":172846,"comment_status":"closed","ping_status":"closed","sticky":false,"template":"","format":"standard","meta":{"sfsi_plus_gutenberg_text_before_share":"","sfsi_plus_gutenberg_show_text_before_share":"","sfsi_plus_gutenberg_icon_type":"","sfsi_plus_gutenberg_icon_alignemt":"","sfsi_plus_gutenburg_max_per_row":"","footnotes":""},"categories":[2],"tags":[],"class_list":["post-172845","post","type-post","status-publish","format-standard","has-post-thumbnail","hentry","category-geral"],"_links":{"self":[{"href":"https:\/\/www.caririemacao.com\/1\/wp-json\/wp\/v2\/posts\/172845","targetHints":{"allow":["GET"]}}],"collection":[{"href":"https:\/\/www.caririemacao.com\/1\/wp-json\/wp\/v2\/posts"}],"about":[{"href":"https:\/\/www.caririemacao.com\/1\/wp-json\/wp\/v2\/types\/post"}],"author":[{"embeddable":true,"href":"https:\/\/www.caririemacao.com\/1\/wp-json\/wp\/v2\/users\/2"}],"replies":[{"embeddable":true,"href":"https:\/\/www.caririemacao.com\/1\/wp-json\/wp\/v2\/comments?post=172845"}],"version-history":[{"count":1,"href":"https:\/\/www.caririemacao.com\/1\/wp-json\/wp\/v2\/posts\/172845\/revisions"}],"predecessor-version":[{"id":172847,"href":"https:\/\/www.caririemacao.com\/1\/wp-json\/wp\/v2\/posts\/172845\/revisions\/172847"}],"wp:featuredmedia":[{"embeddable":true,"href":"https:\/\/www.caririemacao.com\/1\/wp-json\/wp\/v2\/media\/172846"}],"wp:attachment":[{"href":"https:\/\/www.caririemacao.com\/1\/wp-json\/wp\/v2\/media?parent=172845"}],"wp:term":[{"taxonomy":"category","embeddable":true,"href":"https:\/\/www.caririemacao.com\/1\/wp-json\/wp\/v2\/categories?post=172845"},{"taxonomy":"post_tag","embeddable":true,"href":"https:\/\/www.caririemacao.com\/1\/wp-json\/wp\/v2\/tags?post=172845"}],"curies":[{"name":"wp","href":"https:\/\/api.w.org\/{rel}","templated":true}]}}