{"id":17285,"date":"2017-04-06T01:28:22","date_gmt":"2017-04-06T04:28:22","guid":{"rendered":"http:\/\/caririemacao.com\/1\/?p=17285"},"modified":"2017-04-06T01:33:14","modified_gmt":"2017-04-06T04:33:14","slug":"presidente-da-camara-de-sume-cobra-reabertura-da-agencia-do-banco-do-brasil","status":"publish","type":"post","link":"https:\/\/www.caririemacao.com\/1\/2017\/04\/06\/presidente-da-camara-de-sume-cobra-reabertura-da-agencia-do-banco-do-brasil\/","title":{"rendered":"Presidente da C\u00e2mara de Sum\u00e9 cobra reabertura da ag\u00eancia do Banco do Brasil"},"content":{"rendered":"<p>Durante a audi\u00eancia p\u00fablica com representantes do Banco do Brasil e prefeitos da regi\u00e3o do Cariri Paraibano, atrav\u00e9s da Amcarp, para discutir a reabertura das ag\u00eancias do Banco do Brasil de Sum\u00e9 e Serra Branca, o presidente do Poder Legislativo sumeense, Jos\u00e9 Antonio, pediu mais agilidade na reabertura da ag\u00eancia de Sum\u00e9<\/p>\n<p>O presidente disse que a popula\u00e7\u00e3o est\u00e1 sendo prejudicada com o fechamento da ag\u00eancia e que espera com muita ansiedade a sua reabertura. Ele foi informado na reuni\u00e3o que a agencia de Sum\u00e9 ser\u00e1 reaberta nestes pr\u00f3ximos meses.<\/p>\n<p>Em contato com o Cariri em A\u00e7\u00e3o, Jos\u00e9 Antonio disse que o gerente de neg\u00f3cios do Banco do Brasil na Para\u00edba, F\u00e1bio Cardoso, comentou que a cria\u00e7\u00e3o do Conselho Municipal de Seguran\u00e7a P\u00fablica, aprovada na C\u00e2mara Municipal, \u00e9 um dos facilitadores da reabertura da ag\u00eancia de Sum\u00e9.<\/p>\n<p><strong>CARIRI EM A\u00c7\u00c3O<\/strong><\/p>\n<p><strong>Leia mais not\u00edcias em\u00a0<a href=\"http:\/\/www.caririemacao.com\/\">caririemacao.com<\/a>, siga nossa p\u00e1gina no<a href=\"https:\/\/www.facebook.com\/CaririEmAcao\/\">\u00a0Facebook<\/a>\u00a0e\u00a0<a href=\"https:\/\/www.instagram.com\/cariri_em_acao\/?hl=pt-br\">Instagram<\/a>\u00a0veja nossas mat\u00e9rias e fotos. Voc\u00ea tamb\u00e9m pode enviar informa\u00e7\u00f5es \u00e0 Reda\u00e7\u00e3o do Portal Cariri em A\u00e7\u00e3o pelo WhatsApp (83) 9 9634.5791 ou (83) 9 9601-1162 .<\/strong><\/p>\n","protected":false},"excerpt":{"rendered":"<p>Durante a audi\u00eancia p\u00fablica com representantes do Banco do Brasil e prefeitos da regi\u00e3o do Cariri Paraibano, atrav\u00e9s da Amcarp, para discutir a reabertura das&hellip; <\/p>\n","protected":false},"author":2,"featured_media":17286,"comment_status":"closed","ping_status":"closed","sticky":false,"template":"","format":"standard","meta":{"sfsi_plus_gutenberg_text_before_share":"","sfsi_plus_gutenberg_show_text_before_share":"","sfsi_plus_gutenberg_icon_type":"","sfsi_plus_gutenberg_icon_alignemt":"","sfsi_plus_gutenburg_max_per_row":"","footnotes":""},"categories":[2],"tags":[],"class_list":["post-17285","post","type-post","status-publish","format-standard","has-post-thumbnail","hentry","category-geral"],"_links":{"self":[{"href":"https:\/\/www.caririemacao.com\/1\/wp-json\/wp\/v2\/posts\/17285","targetHints":{"allow":["GET"]}}],"collection":[{"href":"https:\/\/www.caririemacao.com\/1\/wp-json\/wp\/v2\/posts"}],"about":[{"href":"https:\/\/www.caririemacao.com\/1\/wp-json\/wp\/v2\/types\/post"}],"author":[{"embeddable":true,"href":"https:\/\/www.caririemacao.com\/1\/wp-json\/wp\/v2\/users\/2"}],"replies":[{"embeddable":true,"href":"https:\/\/www.caririemacao.com\/1\/wp-json\/wp\/v2\/comments?post=17285"}],"version-history":[{"count":0,"href":"https:\/\/www.caririemacao.com\/1\/wp-json\/wp\/v2\/posts\/17285\/revisions"}],"wp:featuredmedia":[{"embeddable":true,"href":"https:\/\/www.caririemacao.com\/1\/wp-json\/wp\/v2\/media\/17286"}],"wp:attachment":[{"href":"https:\/\/www.caririemacao.com\/1\/wp-json\/wp\/v2\/media?parent=17285"}],"wp:term":[{"taxonomy":"category","embeddable":true,"href":"https:\/\/www.caririemacao.com\/1\/wp-json\/wp\/v2\/categories?post=17285"},{"taxonomy":"post_tag","embeddable":true,"href":"https:\/\/www.caririemacao.com\/1\/wp-json\/wp\/v2\/tags?post=17285"}],"curies":[{"name":"wp","href":"https:\/\/api.w.org\/{rel}","templated":true}]}}