{"id":172853,"date":"2020-06-04T08:24:51","date_gmt":"2020-06-04T11:24:51","guid":{"rendered":"https:\/\/www.caririemacao.com\/1\/?p=172853"},"modified":"2020-06-04T08:24:51","modified_gmt":"2020-06-04T11:24:51","slug":"secretaria-de-saude-de-sao-sebastiao-do-umbuzeiro-confirma-mais-tres-casos-de-covid-19-todos-estao-assintomaticos-e-bem","status":"publish","type":"post","link":"https:\/\/www.caririemacao.com\/1\/2020\/06\/04\/secretaria-de-saude-de-sao-sebastiao-do-umbuzeiro-confirma-mais-tres-casos-de-covid-19-todos-estao-assintomaticos-e-bem\/","title":{"rendered":"Secretaria de Sa\u00fade de S\u00e3o Sebasti\u00e3o do Umbuzeiro confirma mais tr\u00eas casos de Covid-19. Todos est\u00e3o assintom\u00e1ticos e bem"},"content":{"rendered":"\n<h3 class=\"wp-block-heading\"><\/h3>\n\n\n\n<p>A Prefeitura Municipal de S\u00e3o Sebasti\u00e3o do Umbuzeiro, atrav\u00e9s da Secretaria de Sa\u00fade, confirmou na noite desta quarta-feira (03&nbsp;&nbsp;mais tr\u00eas casos do novo coronav\u00edrus (Covid-19), no munic\u00edpio.<br>De acordo com as informa\u00e7\u00f5es do boletim oficial, os pacientes s\u00e3o duas crian\u00e7as e uma mulher, todos assintom\u00e1ticos e est\u00e3o bem, sendo acompanhados pela Secretaria de Sa\u00fade.<br>O munic\u00edpio agora tem 4 casos confirmados da doen\u00e7a e 9 casos em investiga\u00e7\u00e3o.<\/p>\n\n\n\n<p>\u201cInfelizmente hoje recebemos a triste not\u00edcia de mais 03 casos em nosso munic\u00edpio. Uma senhora de 68 anos e suas netas, uma menina de 10 anos e uma crian\u00e7a de 9 meses. Gra\u00e7as a Deus todas passam bem, sem nenhum sintoma e j\u00e1 est\u00e3o fora do per\u00edodo de contamina\u00e7\u00e3o\u201d, Afirmou o prefeito Adriano Wolff.<br>O prefeito refor\u00e7ou ainda atrav\u00e9s das redes sociais a import\u00e2ncia de todos manterem as regras de distanciamento social e cumprirem as determina\u00e7\u00f5es que est\u00e3o sendo implementadas.<\/p>\n","protected":false},"excerpt":{"rendered":"<p>A Prefeitura Municipal de S\u00e3o Sebasti\u00e3o do Umbuzeiro, atrav\u00e9s da Secretaria de Sa\u00fade, confirmou na noite desta quarta-feira (03&nbsp;&nbsp;mais tr\u00eas casos do novo coronav\u00edrus (Covid-19),&hellip; <\/p>\n","protected":false},"author":2,"featured_media":172854,"comment_status":"closed","ping_status":"closed","sticky":false,"template":"","format":"standard","meta":{"sfsi_plus_gutenberg_text_before_share":"","sfsi_plus_gutenberg_show_text_before_share":"","sfsi_plus_gutenberg_icon_type":"","sfsi_plus_gutenberg_icon_alignemt":"","sfsi_plus_gutenburg_max_per_row":"","footnotes":""},"categories":[2],"tags":[],"class_list":["post-172853","post","type-post","status-publish","format-standard","has-post-thumbnail","hentry","category-geral"],"_links":{"self":[{"href":"https:\/\/www.caririemacao.com\/1\/wp-json\/wp\/v2\/posts\/172853","targetHints":{"allow":["GET"]}}],"collection":[{"href":"https:\/\/www.caririemacao.com\/1\/wp-json\/wp\/v2\/posts"}],"about":[{"href":"https:\/\/www.caririemacao.com\/1\/wp-json\/wp\/v2\/types\/post"}],"author":[{"embeddable":true,"href":"https:\/\/www.caririemacao.com\/1\/wp-json\/wp\/v2\/users\/2"}],"replies":[{"embeddable":true,"href":"https:\/\/www.caririemacao.com\/1\/wp-json\/wp\/v2\/comments?post=172853"}],"version-history":[{"count":1,"href":"https:\/\/www.caririemacao.com\/1\/wp-json\/wp\/v2\/posts\/172853\/revisions"}],"predecessor-version":[{"id":172855,"href":"https:\/\/www.caririemacao.com\/1\/wp-json\/wp\/v2\/posts\/172853\/revisions\/172855"}],"wp:featuredmedia":[{"embeddable":true,"href":"https:\/\/www.caririemacao.com\/1\/wp-json\/wp\/v2\/media\/172854"}],"wp:attachment":[{"href":"https:\/\/www.caririemacao.com\/1\/wp-json\/wp\/v2\/media?parent=172853"}],"wp:term":[{"taxonomy":"category","embeddable":true,"href":"https:\/\/www.caririemacao.com\/1\/wp-json\/wp\/v2\/categories?post=172853"},{"taxonomy":"post_tag","embeddable":true,"href":"https:\/\/www.caririemacao.com\/1\/wp-json\/wp\/v2\/tags?post=172853"}],"curies":[{"name":"wp","href":"https:\/\/api.w.org\/{rel}","templated":true}]}}