{"id":172858,"date":"2020-06-04T08:30:20","date_gmt":"2020-06-04T11:30:20","guid":{"rendered":"https:\/\/www.caririemacao.com\/1\/?p=172858"},"modified":"2020-06-04T08:30:20","modified_gmt":"2020-06-04T11:30:20","slug":"ifpb-anuncia-que-nao-vai-aderir-ao-sisu-e-fara-processo-seletivo-proprio-para-2020","status":"publish","type":"post","link":"https:\/\/www.caririemacao.com\/1\/2020\/06\/04\/ifpb-anuncia-que-nao-vai-aderir-ao-sisu-e-fara-processo-seletivo-proprio-para-2020\/","title":{"rendered":"IFPB anuncia que n\u00e3o vai aderir ao Sisu e far\u00e1 processo seletivo pr\u00f3prio para 2020"},"content":{"rendered":"\n<h1 class=\"wp-block-heading\"><a href=\"javascript:void(0);\"><\/a><\/h1>\n\n\n\n<p>O Instituto Federal da Para\u00edba optou por n\u00e3o aderir ao Sistema de Sele\u00e7\u00e3o Unificada (Sisu) para o preenchimento das vagas em cursos de gradua\u00e7\u00e3o no segundo semestre de 2020. A decis\u00e3o leva em considera\u00e7\u00e3o a situa\u00e7\u00e3o de emerg\u00eancia provocada pela Covid-19, as dificuldades de gerenciamento do processo de matr\u00edcula por meio do Sisu e cumprimento do seu cronograma de execu\u00e7\u00e3o.<\/p>\n\n\n\n<p>As mais de mil vagas ofertadas para o segundo semestre de 2020 ser\u00e3o preenchidas por meio de um processo seletivo institucional que dever\u00e1 ter seu edital publicado em breve.<\/p>\n\n\n\n<p>De acordo com o Diretor de Educa\u00e7\u00e3o Superior, Ge\u00edsio Vieira, uma sele\u00e7\u00e3o pr\u00f3pria se faz necess\u00e1ria nesse momento de pandemia em que os servidores t\u00e9cnico-administrativos est\u00e3o trabalhando de forma remota e os estudantes n\u00e3o podem se deslocar at\u00e9 a institui\u00e7\u00e3o para a entrega f\u00edsica dos documentos exigidos para a matr\u00edcula do Sisu.<\/p>\n\n\n\n<p>\u201cUm processo seletivo pr\u00f3prio vai facilitar em diversos aspectos. Um deles \u00e9 a defini\u00e7\u00e3o de um cronograma regional, de acordo com as nossas particularidades\u201d, afirmou Ge\u00edsio que destaca tamb\u00e9m que o candidato poder\u00e1 concorrer com as notas dos tr\u00eas \u00faltimos Enem, beneficiando um maior n\u00famero de alunos.<\/p>\n\n\n\n<p>\u201cO processo de sele\u00e7\u00e3o se dar\u00e1 de forma virtual, por meio de um sistema produzido pela Diretoria Geral de Tecnologia da Informa\u00e7\u00e3o do IFPB. O aluno n\u00e3o ter\u00e1 a necessidade de sair de casa para entregar a documenta\u00e7\u00e3o, s\u00f3 necessitando essa entrega f\u00edsica para valida\u00e7\u00e3o quando retornarmos nossas atividades presenciais, o que ir\u00e1 garantir a seguran\u00e7a do pr\u00f3prio aluno e do servidor t\u00e9cnico-administrativo\u201d, destacou o diretor Ge\u00edsio.<\/p>\n\n\n\n<p>A Pr\u00f3-Reitora de Ensino, Mary Roberta Marinho, afirmou que a decis\u00e3o visa beneficiar um maior n\u00famero de estudantes, uma vez que neste per\u00edodo de pandemia, parte dos candidatos n\u00e3o teria condi\u00e7\u00f5es de obter os documentos necess\u00e1rios \u00e0 sua matr\u00edcula, sobretudo os participantes de cotas. \u201cDesta forma, teremos mais tempo para preparar o processo de matr\u00edcula com recebimento de documentos on-line. Temos capacidade t\u00e9cnica para desenvolver processo seletivo pr\u00f3prio conforme experi\u00eancia do Processo Seletivo dos Cursos T\u00e9cnicos\u201d, lembrou a Pr\u00f3-Reitora.<\/p>\n\n\n\n<p>CLICK PB<\/p>\n","protected":false},"excerpt":{"rendered":"<p>O Instituto Federal da Para\u00edba optou por n\u00e3o aderir ao Sistema de Sele\u00e7\u00e3o Unificada (Sisu) para o preenchimento das vagas em cursos de gradua\u00e7\u00e3o no&hellip; <\/p>\n","protected":false},"author":2,"featured_media":172859,"comment_status":"closed","ping_status":"closed","sticky":false,"template":"","format":"standard","meta":{"sfsi_plus_gutenberg_text_before_share":"","sfsi_plus_gutenberg_show_text_before_share":"","sfsi_plus_gutenberg_icon_type":"","sfsi_plus_gutenberg_icon_alignemt":"","sfsi_plus_gutenburg_max_per_row":"","footnotes":""},"categories":[2],"tags":[],"class_list":["post-172858","post","type-post","status-publish","format-standard","has-post-thumbnail","hentry","category-geral"],"_links":{"self":[{"href":"https:\/\/www.caririemacao.com\/1\/wp-json\/wp\/v2\/posts\/172858","targetHints":{"allow":["GET"]}}],"collection":[{"href":"https:\/\/www.caririemacao.com\/1\/wp-json\/wp\/v2\/posts"}],"about":[{"href":"https:\/\/www.caririemacao.com\/1\/wp-json\/wp\/v2\/types\/post"}],"author":[{"embeddable":true,"href":"https:\/\/www.caririemacao.com\/1\/wp-json\/wp\/v2\/users\/2"}],"replies":[{"embeddable":true,"href":"https:\/\/www.caririemacao.com\/1\/wp-json\/wp\/v2\/comments?post=172858"}],"version-history":[{"count":1,"href":"https:\/\/www.caririemacao.com\/1\/wp-json\/wp\/v2\/posts\/172858\/revisions"}],"predecessor-version":[{"id":172860,"href":"https:\/\/www.caririemacao.com\/1\/wp-json\/wp\/v2\/posts\/172858\/revisions\/172860"}],"wp:featuredmedia":[{"embeddable":true,"href":"https:\/\/www.caririemacao.com\/1\/wp-json\/wp\/v2\/media\/172859"}],"wp:attachment":[{"href":"https:\/\/www.caririemacao.com\/1\/wp-json\/wp\/v2\/media?parent=172858"}],"wp:term":[{"taxonomy":"category","embeddable":true,"href":"https:\/\/www.caririemacao.com\/1\/wp-json\/wp\/v2\/categories?post=172858"},{"taxonomy":"post_tag","embeddable":true,"href":"https:\/\/www.caririemacao.com\/1\/wp-json\/wp\/v2\/tags?post=172858"}],"curies":[{"name":"wp","href":"https:\/\/api.w.org\/{rel}","templated":true}]}}