{"id":172862,"date":"2020-06-04T08:39:08","date_gmt":"2020-06-04T11:39:08","guid":{"rendered":"https:\/\/www.caririemacao.com\/1\/?p=172862"},"modified":"2020-06-04T08:39:08","modified_gmt":"2020-06-04T11:39:08","slug":"em-dois-meses-107-milhoes-de-pessoas-pediram-auxilio-emergencial","status":"publish","type":"post","link":"https:\/\/www.caririemacao.com\/1\/2020\/06\/04\/em-dois-meses-107-milhoes-de-pessoas-pediram-auxilio-emergencial\/","title":{"rendered":"Em dois meses, 107 milh\u00f5es de pessoas pediram aux\u00edlio emergencial"},"content":{"rendered":"\n<h2 class=\"wp-block-heading\"><\/h2>\n\n\n\n<p>Em quase dois meses depois de cadastramento, 107 milh\u00f5es de pessoas pediram o aux\u00edlio emergencial de R$ 600 (R$ 1,2 mil para m\u00e3es solteiras), revelou hoje (3) o presidente da Caixa Econ\u00f4mica Federal, Pedro Guimar\u00e3es. Apenas nas \u00faltimas 24 horas, 100 mil pessoas se cadastraram para receberem o benef\u00edcio.<\/p>\n\n\n\n<p>O n\u00famero de pessoas com o pedido do aux\u00edlio emergencial em an\u00e1lise subiu de 11 milh\u00f5es ontem (2) para 11,1 milh\u00f5es hoje (3). Desse total, 5,8 milh\u00f5es de cadastros est\u00e3o em primeira an\u00e1lise e 5,3 milh\u00f5es em segunda ou terceira an\u00e1lise, quando o cadastro foi considerado inconsistente e a Caixa permitiu a contesta\u00e7\u00e3o da resposta ou a corre\u00e7\u00e3o de informa\u00e7\u00f5es.<\/p>\n\n\n\n<p>Dos 107 milh\u00f5es de pedidos, 59 milh\u00f5es tiveram o benef\u00edcio aprovado e 42,2 milh\u00f5es foram considerados ineleg\u00edveis, quando o cidad\u00e3o n\u00e3o cumpre os requisitos estabelecidos pela lei que criou o benef\u00edcio. O&nbsp;<a href=\"https:\/\/agenciabrasil.ebc.com.br\/economia\/noticia\/2020-04\/autonomo-pode-baixar-aplicativo-para-renda-de-r-600-partir-de-hoje\" target=\"_blank\" rel=\"noreferrer noopener\">aux\u00edlio emergencial pode ser pedido desde 7 de abril<\/a>&nbsp;pelo site&nbsp;<a href=\"http:\/\/auxilio.caixa.gov.br\/\" target=\"_blank\" rel=\"noreferrer noopener\">auxilio.caixa.gov.br<\/a>&nbsp;ou pelo aplicativo Caixa Aux\u00edlio Emergencial.<\/p>\n\n\n\n<p>Na sexta-feira (29), o banco terminou de pagar a segunda parcela aos benefici\u00e1rios. Segundo o balan\u00e7o acumulado, a Caixa desembolsou, at\u00e9 agora, R$ 76,6 bilh\u00f5es, somadas ambas as parcelas. No total, 58,6 milh\u00f5es de pessoas receberam alguma parcela do benef\u00edcio desde que o programa foi criado, em abril, para ajudar as pessoas a enfrentar os impactos da crise causada pela pandemia da covid-19.<\/p>\n\n\n\n<p>Considerando apenas a segunda parcela, 19,50 milh\u00f5es de brasileiros receberam R$ 35,5 bilh\u00f5es. Do total pago at\u00e9 agora, R$ 30,3 bilh\u00f5es foram para benefici\u00e1rios do Bolsa Fam\u00edlia, R$ 14 bilh\u00f5es para aqueles inscritos no Cadastro \u00danico para os Programas Sociais do Governo Federal (Cad\u00danico) e R$ 32,3 bilh\u00f5es para trabalhadores informais que se cadastraram pelo site ou pelo aplicativo.<\/p>\n\n\n\n<p>O pagamento da segunda parcela acabou na sexta-feira (29). De s\u00e1bado (30) at\u00e9 o pr\u00f3ximo dia 13, os benefici\u00e1rios est\u00e3o sacando o dinheiro do lote, conforme um cronograma baseado no m\u00eas de anivers\u00e1rio. Hoje (2), cerca de 2,6 milh\u00f5es de pessoas nascidas em abril foram \u00e0s ag\u00eancias da Caixa retirar o aux\u00edlio.<\/p>\n","protected":false},"excerpt":{"rendered":"<p>Em quase dois meses depois de cadastramento, 107 milh\u00f5es de pessoas pediram o aux\u00edlio emergencial de R$ 600 (R$ 1,2 mil para m\u00e3es solteiras), revelou&hellip; <\/p>\n","protected":false},"author":2,"featured_media":172863,"comment_status":"closed","ping_status":"closed","sticky":false,"template":"","format":"standard","meta":{"sfsi_plus_gutenberg_text_before_share":"","sfsi_plus_gutenberg_show_text_before_share":"","sfsi_plus_gutenberg_icon_type":"","sfsi_plus_gutenberg_icon_alignemt":"","sfsi_plus_gutenburg_max_per_row":"","footnotes":""},"categories":[2],"tags":[],"class_list":["post-172862","post","type-post","status-publish","format-standard","has-post-thumbnail","hentry","category-geral"],"_links":{"self":[{"href":"https:\/\/www.caririemacao.com\/1\/wp-json\/wp\/v2\/posts\/172862","targetHints":{"allow":["GET"]}}],"collection":[{"href":"https:\/\/www.caririemacao.com\/1\/wp-json\/wp\/v2\/posts"}],"about":[{"href":"https:\/\/www.caririemacao.com\/1\/wp-json\/wp\/v2\/types\/post"}],"author":[{"embeddable":true,"href":"https:\/\/www.caririemacao.com\/1\/wp-json\/wp\/v2\/users\/2"}],"replies":[{"embeddable":true,"href":"https:\/\/www.caririemacao.com\/1\/wp-json\/wp\/v2\/comments?post=172862"}],"version-history":[{"count":1,"href":"https:\/\/www.caririemacao.com\/1\/wp-json\/wp\/v2\/posts\/172862\/revisions"}],"predecessor-version":[{"id":172864,"href":"https:\/\/www.caririemacao.com\/1\/wp-json\/wp\/v2\/posts\/172862\/revisions\/172864"}],"wp:featuredmedia":[{"embeddable":true,"href":"https:\/\/www.caririemacao.com\/1\/wp-json\/wp\/v2\/media\/172863"}],"wp:attachment":[{"href":"https:\/\/www.caririemacao.com\/1\/wp-json\/wp\/v2\/media?parent=172862"}],"wp:term":[{"taxonomy":"category","embeddable":true,"href":"https:\/\/www.caririemacao.com\/1\/wp-json\/wp\/v2\/categories?post=172862"},{"taxonomy":"post_tag","embeddable":true,"href":"https:\/\/www.caririemacao.com\/1\/wp-json\/wp\/v2\/tags?post=172862"}],"curies":[{"name":"wp","href":"https:\/\/api.w.org\/{rel}","templated":true}]}}