{"id":172866,"date":"2020-06-04T09:21:46","date_gmt":"2020-06-04T12:21:46","guid":{"rendered":"https:\/\/www.caririemacao.com\/1\/?p=172866"},"modified":"2020-06-04T09:21:46","modified_gmt":"2020-06-04T12:21:46","slug":"novo-boletim-confirma-camalau-sem-nenhum-caso-positivo-de-covid-19","status":"publish","type":"post","link":"https:\/\/www.caririemacao.com\/1\/2020\/06\/04\/novo-boletim-confirma-camalau-sem-nenhum-caso-positivo-de-covid-19\/","title":{"rendered":"Novo boletim confirma Camala\u00fa sem nenhum caso positivo de COVID-19"},"content":{"rendered":"\n<h3 class=\"wp-block-heading\"><\/h3>\n\n\n\n<p>A cidade de Camala\u00fa continua entre as pouco mais de 20 cidades da Para\u00edba que ainda n\u00e3o registrou nenhum caso de COVID-19.<br>O prefeito Sandro M\u00f4co afirmou que ficou ainda mais aliviado com a divulga\u00e7\u00e3o de mais um boletim epidemiol\u00f3gico, nesta quarta feira, 03, com os n\u00fameros atualizados no munic\u00edpio.<br>De acordo com o boletim, atualmente existem 02 casos em investiga\u00e7\u00e3o e outros 15 descartados, em um universo de 17 casos notificados.<br>V\u00e1rias a\u00e7\u00f5es de preven\u00e7\u00e3o foram implementadas pela gest\u00e3o municipal desde o in\u00edcio da pandemia, como por exemplo, a aquisi\u00e7\u00e3o de lavat\u00f3rios coletivos, que foram instalados em pontos estrat\u00e9gicos com maior fluxo de pessoas, para que estas possam fazer a higieniza\u00e7\u00e3o de suas m\u00e3os.<br>Higieniza\u00e7\u00e3o de carros e motos nas barreiras.<br>Quatro tendas de apoio para os benefici\u00e1rios do Bolsa Fam\u00edlia e outros tipos de benef\u00edcios do Governo Federal.<br>A prefeitura tamb\u00e9m colocou barracas de apoio com lavat\u00f3rios de m\u00e3os para pessoas que v\u00e3o receber aux\u00edlio do governo federal.<br>A gest\u00e3o tamb\u00e9m entregou recentemente kits completos de EPIs para agentes de endemias e agentes comunit\u00e1rios e v\u00e1rios materiais de trabalho inclusive modernos aparelhos de infravermelho para medi\u00e7\u00e3o de temperatura precisa das pessoas que est\u00e3o atravessando as barreiras sanit\u00e1rias, entre diversas outras a\u00e7\u00f5es.<strong><br><\/strong><strong>F\u00c1BIO BRITO<\/strong><\/p>\n","protected":false},"excerpt":{"rendered":"<p>A cidade de Camala\u00fa continua entre as pouco mais de 20 cidades da Para\u00edba que ainda n\u00e3o registrou nenhum caso de COVID-19.O prefeito Sandro M\u00f4co&hellip; <\/p>\n","protected":false},"author":2,"featured_media":172867,"comment_status":"closed","ping_status":"closed","sticky":false,"template":"","format":"standard","meta":{"sfsi_plus_gutenberg_text_before_share":"","sfsi_plus_gutenberg_show_text_before_share":"","sfsi_plus_gutenberg_icon_type":"","sfsi_plus_gutenberg_icon_alignemt":"","sfsi_plus_gutenburg_max_per_row":"","footnotes":""},"categories":[2],"tags":[],"class_list":["post-172866","post","type-post","status-publish","format-standard","has-post-thumbnail","hentry","category-geral"],"_links":{"self":[{"href":"https:\/\/www.caririemacao.com\/1\/wp-json\/wp\/v2\/posts\/172866","targetHints":{"allow":["GET"]}}],"collection":[{"href":"https:\/\/www.caririemacao.com\/1\/wp-json\/wp\/v2\/posts"}],"about":[{"href":"https:\/\/www.caririemacao.com\/1\/wp-json\/wp\/v2\/types\/post"}],"author":[{"embeddable":true,"href":"https:\/\/www.caririemacao.com\/1\/wp-json\/wp\/v2\/users\/2"}],"replies":[{"embeddable":true,"href":"https:\/\/www.caririemacao.com\/1\/wp-json\/wp\/v2\/comments?post=172866"}],"version-history":[{"count":1,"href":"https:\/\/www.caririemacao.com\/1\/wp-json\/wp\/v2\/posts\/172866\/revisions"}],"predecessor-version":[{"id":172868,"href":"https:\/\/www.caririemacao.com\/1\/wp-json\/wp\/v2\/posts\/172866\/revisions\/172868"}],"wp:featuredmedia":[{"embeddable":true,"href":"https:\/\/www.caririemacao.com\/1\/wp-json\/wp\/v2\/media\/172867"}],"wp:attachment":[{"href":"https:\/\/www.caririemacao.com\/1\/wp-json\/wp\/v2\/media?parent=172866"}],"wp:term":[{"taxonomy":"category","embeddable":true,"href":"https:\/\/www.caririemacao.com\/1\/wp-json\/wp\/v2\/categories?post=172866"},{"taxonomy":"post_tag","embeddable":true,"href":"https:\/\/www.caririemacao.com\/1\/wp-json\/wp\/v2\/tags?post=172866"}],"curies":[{"name":"wp","href":"https:\/\/api.w.org\/{rel}","templated":true}]}}