{"id":17288,"date":"2017-04-06T01:31:35","date_gmt":"2017-04-06T04:31:35","guid":{"rendered":"http:\/\/caririemacao.com\/1\/?p=17288"},"modified":"2017-04-06T01:43:00","modified_gmt":"2017-04-06T04:43:00","slug":"crediamigo-promove-a-1a-feira-de-negocios-em-sume","status":"publish","type":"post","link":"https:\/\/www.caririemacao.com\/1\/2017\/04\/06\/crediamigo-promove-a-1a-feira-de-negocios-em-sume\/","title":{"rendered":"Crediamigo promove a 1\u00aa Feira de Neg\u00f3cios em Sum\u00e9"},"content":{"rendered":"<p>O programa Crediamigo do Banco do Nordeste promoveu nesta quarta-feira (5), a 1\u00aa Feira de Neg\u00f3cios com aproximadamente 30 empreendedores de v\u00e1rias cidades do Cariri Paraibano.<\/p>\n<p>A feira aconteceu na Pra\u00e7a Jos\u00e9 Am\u00e9rico na cidade de Sum\u00e9 e teve como objetivo a exposi\u00e7\u00e3o de mercadorias, a busca por novos empreendedores no mercado e a amplia\u00e7\u00e3o das informa\u00e7\u00f5es quanto \u00e0s oportunidades de cr\u00e9dito no Banco do Nordeste, em especial, no Crediamigo.<\/p>\n<p>Durante a feira, os empreendedores puderam expor seus produtos e vend\u00ea-los para o p\u00fablico que foi prestigiar o evento. E para abrilhantar, a Cia Filhos da Dan\u00e7a realizou uma bel\u00edssima apresenta\u00e7\u00e3o, mostrando um pouco da cultura regional.<\/p>\n<p><a href=\"https:\/\/www.facebook.com\/pg\/CaririEmAcao\/photos\/?tab=album&amp;album_id=991935430942480\">Fotos exclusivas do Portal de Not\u00edcias CARIRI EM A\u00c7\u00c3O. Direitos reservados &#8211; Copyright \u00a9 2017 Cariri em A\u00e7\u00e3o.<\/a><\/p>\n<p><strong>CARIRI EM A\u00c7\u00c3O\u00a0<\/strong><\/p>\n<p><strong>Leia mais not\u00edcias em\u00a0<a href=\"http:\/\/www.caririemacao.com\/\">caririemacao.com<\/a>, siga nossa p\u00e1gina no<a href=\"https:\/\/www.facebook.com\/CaririEmAcao\/\">\u00a0Facebook<\/a>\u00a0e\u00a0<a href=\"https:\/\/www.instagram.com\/cariri_em_acao\/?hl=pt-br\">Instagram<\/a>\u00a0veja nossas mat\u00e9rias e fotos. Voc\u00ea tamb\u00e9m pode enviar informa\u00e7\u00f5es \u00e0 Reda\u00e7\u00e3o do Portal Cariri em A\u00e7\u00e3o pelo WhatsApp (83) 9 9634.5791 ou (83) 9 9601-1162 .<\/strong><\/p>\n","protected":false},"excerpt":{"rendered":"<p>O programa Crediamigo do Banco do Nordeste promoveu nesta quarta-feira (5), a 1\u00aa Feira de Neg\u00f3cios com aproximadamente 30 empreendedores de v\u00e1rias cidades do Cariri&hellip; <\/p>\n","protected":false},"author":2,"featured_media":17289,"comment_status":"closed","ping_status":"closed","sticky":false,"template":"","format":"standard","meta":{"sfsi_plus_gutenberg_text_before_share":"","sfsi_plus_gutenberg_show_text_before_share":"","sfsi_plus_gutenberg_icon_type":"","sfsi_plus_gutenberg_icon_alignemt":"","sfsi_plus_gutenburg_max_per_row":"","footnotes":""},"categories":[6],"tags":[],"class_list":["post-17288","post","type-post","status-publish","format-standard","has-post-thumbnail","hentry","category-cidades"],"_links":{"self":[{"href":"https:\/\/www.caririemacao.com\/1\/wp-json\/wp\/v2\/posts\/17288","targetHints":{"allow":["GET"]}}],"collection":[{"href":"https:\/\/www.caririemacao.com\/1\/wp-json\/wp\/v2\/posts"}],"about":[{"href":"https:\/\/www.caririemacao.com\/1\/wp-json\/wp\/v2\/types\/post"}],"author":[{"embeddable":true,"href":"https:\/\/www.caririemacao.com\/1\/wp-json\/wp\/v2\/users\/2"}],"replies":[{"embeddable":true,"href":"https:\/\/www.caririemacao.com\/1\/wp-json\/wp\/v2\/comments?post=17288"}],"version-history":[{"count":0,"href":"https:\/\/www.caririemacao.com\/1\/wp-json\/wp\/v2\/posts\/17288\/revisions"}],"wp:featuredmedia":[{"embeddable":true,"href":"https:\/\/www.caririemacao.com\/1\/wp-json\/wp\/v2\/media\/17289"}],"wp:attachment":[{"href":"https:\/\/www.caririemacao.com\/1\/wp-json\/wp\/v2\/media?parent=17288"}],"wp:term":[{"taxonomy":"category","embeddable":true,"href":"https:\/\/www.caririemacao.com\/1\/wp-json\/wp\/v2\/categories?post=17288"},{"taxonomy":"post_tag","embeddable":true,"href":"https:\/\/www.caririemacao.com\/1\/wp-json\/wp\/v2\/tags?post=17288"}],"curies":[{"name":"wp","href":"https:\/\/api.w.org\/{rel}","templated":true}]}}