{"id":172880,"date":"2020-06-04T13:21:52","date_gmt":"2020-06-04T16:21:52","guid":{"rendered":"https:\/\/www.caririemacao.com\/1\/?p=172880"},"modified":"2020-06-04T13:21:52","modified_gmt":"2020-06-04T16:21:52","slug":"grande-noticia-unico-caso-positivo-de-covid-19-em-sao-joao-do-tigre-esta-oficialmente-recuperada","status":"publish","type":"post","link":"https:\/\/www.caririemacao.com\/1\/2020\/06\/04\/grande-noticia-unico-caso-positivo-de-covid-19-em-sao-joao-do-tigre-esta-oficialmente-recuperada\/","title":{"rendered":"Grande not\u00edcia: \u00danico caso positivo de COVID-19 em S\u00e3o Jo\u00e3o do Tigre est\u00e1 oficialmente recuperada"},"content":{"rendered":"\n<h3 class=\"wp-block-heading\"><\/h3>\n\n\n\n<p>Uma not\u00edcia extremamente positiva foi confirmada na manh\u00e3 desta quinta feira, 04 na cidade de S\u00e3o Jo\u00e3o do Tigre.O \u00fanico caso positivo registrado at\u00e9 a presente data de COVID-19 est\u00e1 recuperada oficialmente.A informa\u00e7\u00e3o foi confirmada pela secretaria de sa\u00fade do munic\u00edpio e fica o registro do momento, desejando muita paz e sa\u00fade \u00e0 paciente e todos os seus familiares ap\u00f3s superar este momento dif\u00edcil.Ao mesmo tempo que refor\u00e7amos os pedidos da secretaria municipal de sa\u00fade, de que se pratiquem as medidas recomendadas para evitar a prolifera\u00e7\u00e3o do v\u00edrus.<\/p>\n","protected":false},"excerpt":{"rendered":"<p>Uma not\u00edcia extremamente positiva foi confirmada na manh\u00e3 desta quinta feira, 04 na cidade de S\u00e3o Jo\u00e3o do Tigre.O \u00fanico caso positivo registrado at\u00e9 a&hellip; <\/p>\n","protected":false},"author":2,"featured_media":172881,"comment_status":"closed","ping_status":"closed","sticky":false,"template":"","format":"standard","meta":{"sfsi_plus_gutenberg_text_before_share":"","sfsi_plus_gutenberg_show_text_before_share":"","sfsi_plus_gutenberg_icon_type":"","sfsi_plus_gutenberg_icon_alignemt":"","sfsi_plus_gutenburg_max_per_row":"","footnotes":""},"categories":[2],"tags":[],"class_list":["post-172880","post","type-post","status-publish","format-standard","has-post-thumbnail","hentry","category-geral"],"_links":{"self":[{"href":"https:\/\/www.caririemacao.com\/1\/wp-json\/wp\/v2\/posts\/172880","targetHints":{"allow":["GET"]}}],"collection":[{"href":"https:\/\/www.caririemacao.com\/1\/wp-json\/wp\/v2\/posts"}],"about":[{"href":"https:\/\/www.caririemacao.com\/1\/wp-json\/wp\/v2\/types\/post"}],"author":[{"embeddable":true,"href":"https:\/\/www.caririemacao.com\/1\/wp-json\/wp\/v2\/users\/2"}],"replies":[{"embeddable":true,"href":"https:\/\/www.caririemacao.com\/1\/wp-json\/wp\/v2\/comments?post=172880"}],"version-history":[{"count":1,"href":"https:\/\/www.caririemacao.com\/1\/wp-json\/wp\/v2\/posts\/172880\/revisions"}],"predecessor-version":[{"id":172882,"href":"https:\/\/www.caririemacao.com\/1\/wp-json\/wp\/v2\/posts\/172880\/revisions\/172882"}],"wp:featuredmedia":[{"embeddable":true,"href":"https:\/\/www.caririemacao.com\/1\/wp-json\/wp\/v2\/media\/172881"}],"wp:attachment":[{"href":"https:\/\/www.caririemacao.com\/1\/wp-json\/wp\/v2\/media?parent=172880"}],"wp:term":[{"taxonomy":"category","embeddable":true,"href":"https:\/\/www.caririemacao.com\/1\/wp-json\/wp\/v2\/categories?post=172880"},{"taxonomy":"post_tag","embeddable":true,"href":"https:\/\/www.caririemacao.com\/1\/wp-json\/wp\/v2\/tags?post=172880"}],"curies":[{"name":"wp","href":"https:\/\/api.w.org\/{rel}","templated":true}]}}