{"id":172884,"date":"2020-06-04T13:24:48","date_gmt":"2020-06-04T16:24:48","guid":{"rendered":"https:\/\/www.caririemacao.com\/1\/?p=172884"},"modified":"2020-06-04T13:24:48","modified_gmt":"2020-06-04T16:24:48","slug":"prefeitura-de-sao-sebastiao-do-umbuzeiro-coloca-estrutura-a-disposicao-dos-criadores-para-vacinacao-de-bovinos-contra-a-aftosa-durante-todo-o-mes","status":"publish","type":"post","link":"https:\/\/www.caririemacao.com\/1\/2020\/06\/04\/prefeitura-de-sao-sebastiao-do-umbuzeiro-coloca-estrutura-a-disposicao-dos-criadores-para-vacinacao-de-bovinos-contra-a-aftosa-durante-todo-o-mes\/","title":{"rendered":"Prefeitura de S\u00e3o Sebasti\u00e3o do Umbuzeiro coloca estrutura a disposi\u00e7\u00e3o dos criadores para vacina\u00e7\u00e3o de bovinos contra a aftosa durante todo o m\u00eas"},"content":{"rendered":"\n<h3 class=\"wp-block-heading\"><\/h3>\n\n\n\n<p>A Prefeitura Municipal de S\u00e3o Sebasti\u00e3o do Umbuzeiro, atrav\u00e9s da Secretaria de Agricultura, est\u00e1 dando total assist\u00eancia aos criadores de bovinos do munic\u00edpio, com o in\u00edcio do prazo da campanha de vacina\u00e7\u00e3o contra a aftosa que ocorre em todo o estado.<br>A gest\u00e3o informa a todos os criadores de bovinos que desde a \u00faltima segunda feira, 01, at\u00e9 o dia 30, estar\u00e1 ocorrendo a vacina\u00e7\u00e3o, com apoio e coordena\u00e7\u00e3o da secretaria municipal de agricultura,<br>N\u00e3o ser\u00e1 obrigat\u00f3rio levar os vasilhames \u00e0 secretaria. \u00c9 necess\u00e1rio levar apenas o Anexo XIII e&nbsp;&nbsp;quantidade de animais que h\u00e1 no seu cadastro.<br>O atendimento ocorrer\u00e1 das 08 as 11 horas da manh\u00e3, \u00e9 s\u00f3 agendar a vacina\u00e7\u00e3o do seu animal.&nbsp;<br>O objetivo \u00e9 vacinar todo o rebanho do munic\u00edpio<strong>F\u00c1BIO BRITO<\/strong><\/p>\n","protected":false},"excerpt":{"rendered":"<p>A Prefeitura Municipal de S\u00e3o Sebasti\u00e3o do Umbuzeiro, atrav\u00e9s da Secretaria de Agricultura, est\u00e1 dando total assist\u00eancia aos criadores de bovinos do munic\u00edpio, com o&hellip; <\/p>\n","protected":false},"author":2,"featured_media":172885,"comment_status":"closed","ping_status":"closed","sticky":false,"template":"","format":"standard","meta":{"sfsi_plus_gutenberg_text_before_share":"","sfsi_plus_gutenberg_show_text_before_share":"","sfsi_plus_gutenberg_icon_type":"","sfsi_plus_gutenberg_icon_alignemt":"","sfsi_plus_gutenburg_max_per_row":"","footnotes":""},"categories":[2],"tags":[],"class_list":["post-172884","post","type-post","status-publish","format-standard","has-post-thumbnail","hentry","category-geral"],"_links":{"self":[{"href":"https:\/\/www.caririemacao.com\/1\/wp-json\/wp\/v2\/posts\/172884","targetHints":{"allow":["GET"]}}],"collection":[{"href":"https:\/\/www.caririemacao.com\/1\/wp-json\/wp\/v2\/posts"}],"about":[{"href":"https:\/\/www.caririemacao.com\/1\/wp-json\/wp\/v2\/types\/post"}],"author":[{"embeddable":true,"href":"https:\/\/www.caririemacao.com\/1\/wp-json\/wp\/v2\/users\/2"}],"replies":[{"embeddable":true,"href":"https:\/\/www.caririemacao.com\/1\/wp-json\/wp\/v2\/comments?post=172884"}],"version-history":[{"count":1,"href":"https:\/\/www.caririemacao.com\/1\/wp-json\/wp\/v2\/posts\/172884\/revisions"}],"predecessor-version":[{"id":172886,"href":"https:\/\/www.caririemacao.com\/1\/wp-json\/wp\/v2\/posts\/172884\/revisions\/172886"}],"wp:featuredmedia":[{"embeddable":true,"href":"https:\/\/www.caririemacao.com\/1\/wp-json\/wp\/v2\/media\/172885"}],"wp:attachment":[{"href":"https:\/\/www.caririemacao.com\/1\/wp-json\/wp\/v2\/media?parent=172884"}],"wp:term":[{"taxonomy":"category","embeddable":true,"href":"https:\/\/www.caririemacao.com\/1\/wp-json\/wp\/v2\/categories?post=172884"},{"taxonomy":"post_tag","embeddable":true,"href":"https:\/\/www.caririemacao.com\/1\/wp-json\/wp\/v2\/tags?post=172884"}],"curies":[{"name":"wp","href":"https:\/\/api.w.org\/{rel}","templated":true}]}}