{"id":172888,"date":"2020-06-04T13:31:05","date_gmt":"2020-06-04T16:31:05","guid":{"rendered":"https:\/\/www.caririemacao.com\/1\/?p=172888"},"modified":"2020-06-04T13:31:05","modified_gmt":"2020-06-04T16:31:05","slug":"mais-de-300-medicos-da-paraiba-solicitam-a-prefeitos-protocolo-com-hidroxicloroquina","status":"publish","type":"post","link":"https:\/\/www.caririemacao.com\/1\/2020\/06\/04\/mais-de-300-medicos-da-paraiba-solicitam-a-prefeitos-protocolo-com-hidroxicloroquina\/","title":{"rendered":"Mais de 300 m\u00e9dicos da Para\u00edba solicitam a prefeitos protocolo com hidroxicloroquina"},"content":{"rendered":"\n<h1 class=\"wp-block-heading\"><\/h1>\n\n\n\n<p>Mais de 300 m\u00e9dicos paraibanos assinaram um abaixo-assinado para solicitar que prefeitos de cidades do interior do Estado utilizem o protocolo do Minist\u00e9rio da Sa\u00fade no combate \u00e0 Covid-19, ou seja, que administrem o coquetel de medicamentos, incluindo a hidroxicloroquina, azitromicina, zinco e outros, a pacientes com sintomas iniciais ou leves da doen\u00e7a.<\/p>\n\n\n\n<p>A a\u00e7\u00e3o \u00e9 contr\u00e1ria ao posicionamento do Governo do Estado, que tem orientado o n\u00e3o uso das subst\u00e2ncias.<\/p>\n\n\n\n<p>A m\u00e9dica pediatra Socorro Martins disse, durante entrevista \u00e0 R\u00e1dio Campina FM, que as assinaturas s\u00e3o independentes e \u00e9 um requerimento da classe m\u00e9dica da Para\u00edba, assim como de outras partes do pa\u00eds, e n\u00e3o h\u00e1 posicionamento pol\u00edtico ou partid\u00e1rio no caso.<\/p>\n\n\n\n<p>Ela ressaltou que a motiva\u00e7\u00e3o para a coleta das assinaturas \u00e9 devido ao fato de os m\u00e9dicos estarem vendo os pacientes sofrendo e, como n\u00e3o h\u00e1 terapia exclusiva para administrar, o que eles t\u00eam indicado \u00e9 a volta para casa no sentido de esperar a evolu\u00e7\u00e3o da doen\u00e7a para a cura ou o agravamento dos sintomas.<\/p>\n\n\n\n<p>\u2013 Os m\u00e9dicos n\u00e3o est\u00e3o aguentando ver a popula\u00e7\u00e3o ser totalmente desassistida diante de uma emerg\u00eancia sanit\u00e1ria que estamos vivenciando, onde as pessoas adoecem, procuram o Servi\u00e7o de Sa\u00fade e s\u00e3o orientadas a voltar para casa e aguardar a evolu\u00e7\u00e3o da doen\u00e7a. O v\u00edrus causador de uma doen\u00e7a t\u00e3o grave como essa, a gente n\u00e3o pode deixar as pessoas ficarem \u00e0 merc\u00ea da evolu\u00e7\u00e3o sem saber se v\u00e3o evoluir para cura ou complicar o quadro cl\u00ednico. O m\u00e9dico fica se sentindo um combatente sem armas \u2013 lamentou.<\/p>\n\n\n\n<p>A m\u00e9dica ressaltou que as autoridades de sa\u00fade e prefeitos que se recusam a usar o coquetel indicado pelo MS se baseiam em um estudo publicado em uma revista norte-americana que falava que o uso da cloroquina era prejudicial e aumenta a taxa de mortalidade. S\u00f3 que, segundo ela, outros estudos recentes refutaram o primeiro e garantem um bom resultado em pacientes com sintomas iniciais.<\/p>\n\n\n\n<p>O primeiro caso, ainda de acordo com a pediatra, foi feito em pacientes com sintomas j\u00e1 muito avan\u00e7ados da doen\u00e7a, al\u00e9m de apresentar \u201cfalhas graves na metodologia\u201d.<\/p>\n","protected":false},"excerpt":{"rendered":"<p>Mais de 300 m\u00e9dicos paraibanos assinaram um abaixo-assinado para solicitar que prefeitos de cidades do interior do Estado utilizem o protocolo do Minist\u00e9rio da Sa\u00fade&hellip; <\/p>\n","protected":false},"author":2,"featured_media":172889,"comment_status":"closed","ping_status":"closed","sticky":false,"template":"","format":"standard","meta":{"sfsi_plus_gutenberg_text_before_share":"","sfsi_plus_gutenberg_show_text_before_share":"","sfsi_plus_gutenberg_icon_type":"","sfsi_plus_gutenberg_icon_alignemt":"","sfsi_plus_gutenburg_max_per_row":"","footnotes":""},"categories":[2],"tags":[],"class_list":["post-172888","post","type-post","status-publish","format-standard","has-post-thumbnail","hentry","category-geral"],"_links":{"self":[{"href":"https:\/\/www.caririemacao.com\/1\/wp-json\/wp\/v2\/posts\/172888","targetHints":{"allow":["GET"]}}],"collection":[{"href":"https:\/\/www.caririemacao.com\/1\/wp-json\/wp\/v2\/posts"}],"about":[{"href":"https:\/\/www.caririemacao.com\/1\/wp-json\/wp\/v2\/types\/post"}],"author":[{"embeddable":true,"href":"https:\/\/www.caririemacao.com\/1\/wp-json\/wp\/v2\/users\/2"}],"replies":[{"embeddable":true,"href":"https:\/\/www.caririemacao.com\/1\/wp-json\/wp\/v2\/comments?post=172888"}],"version-history":[{"count":1,"href":"https:\/\/www.caririemacao.com\/1\/wp-json\/wp\/v2\/posts\/172888\/revisions"}],"predecessor-version":[{"id":172890,"href":"https:\/\/www.caririemacao.com\/1\/wp-json\/wp\/v2\/posts\/172888\/revisions\/172890"}],"wp:featuredmedia":[{"embeddable":true,"href":"https:\/\/www.caririemacao.com\/1\/wp-json\/wp\/v2\/media\/172889"}],"wp:attachment":[{"href":"https:\/\/www.caririemacao.com\/1\/wp-json\/wp\/v2\/media?parent=172888"}],"wp:term":[{"taxonomy":"category","embeddable":true,"href":"https:\/\/www.caririemacao.com\/1\/wp-json\/wp\/v2\/categories?post=172888"},{"taxonomy":"post_tag","embeddable":true,"href":"https:\/\/www.caririemacao.com\/1\/wp-json\/wp\/v2\/tags?post=172888"}],"curies":[{"name":"wp","href":"https:\/\/api.w.org\/{rel}","templated":true}]}}