{"id":172896,"date":"2020-06-04T13:49:02","date_gmt":"2020-06-04T16:49:02","guid":{"rendered":"https:\/\/www.caririemacao.com\/1\/?p=172896"},"modified":"2020-06-04T13:49:02","modified_gmt":"2020-06-04T16:49:02","slug":"bolsonaro-confirma-intencao-de-dividir-ministerio-e-recriar-pasta-da-seguranca-publica","status":"publish","type":"post","link":"https:\/\/www.caririemacao.com\/1\/2020\/06\/04\/bolsonaro-confirma-intencao-de-dividir-ministerio-e-recriar-pasta-da-seguranca-publica\/","title":{"rendered":"Bolsonaro confirma inten\u00e7\u00e3o de dividir Minist\u00e9rio e recriar pasta da Seguran\u00e7a P\u00fablica"},"content":{"rendered":"\n<h3 class=\"wp-block-heading\"><\/h3>\n\n\n\n<hr class=\"wp-block-separator\"\/>\n\n\n\n<p>O&nbsp;presidente Jair Bolsonaro confirmou que tem inten\u00e7\u00e3o de recriar o Minist\u00e9rio da Seguran\u00e7a P\u00fablica. A decis\u00e3o j\u00e1 \u00e9 dada como certa nos corredores do Pal\u00e1cio do Planalto, mas ainda n\u00e3o tem data para ser efetivada. \u201cExiste a possibilidade\u201d, afirmou Bolsonaro.<\/p>\n\n\n\n<p>O presidente tem um encontro nesta quinta-feira (4) com o l\u00edder da Frente Parlamentar da Seguran\u00e7a P\u00fablica \u2013 a chamada bancada da bala -, Capit\u00e3o Augusto (PL-SP), para tratar do assunto. Segundo o deputado, a ideia \u00e9 que a recria\u00e7\u00e3o ocorra at\u00e9 julho. O nome indicado pela bancada para assumir a pasta \u00e9 o do ex-deputado Alberto Fraga (DEM), que \u00e9 amigo de Bolsonaro.<\/p>\n\n\n\n<p>\u201cSe decidir voltar (com o Minist\u00e9rio da Seguran\u00e7a P\u00fablica), j\u00e1 vou anunciar o nome do ministro antes de come\u00e7ar a tramitar o projeto\u201d, afirmou Bolsonaro, em refer\u00eancia ao fato de que a cria\u00e7\u00e3o de pastas deve passar pelo Congresso.<\/p>\n\n\n\n<p>Questionado por jornalistas, Bolsonaro n\u00e3o quis se comprometer com a indica\u00e7\u00e3o de Fraga. \u201cN\u00e3o vou dizer que seja ele nem que n\u00e3o seja. Sou amigo do Fraga desde 1982. Ele est\u00e1 livre de todos os problemas que teve a\u00ed, \u00e9 um grande articulador. Ele \u00e9 cotado a\u00ed, mas nada de bater o martelo n\u00e3o\u201d, declarou. Bolsonaro afirmou que o escolhido \u201ctem que ser algu\u00e9m que entenda do assunto\u201d da seguran\u00e7a p\u00fablica.<\/p>\n\n\n\n<p>A ideia de dividir a pasta ganhou for\u00e7a com a exonera\u00e7\u00e3o do ex-ministro S\u00e9rgio Moro, que exigiu a unifica\u00e7\u00e3o da Justi\u00e7a e da Seguran\u00e7a P\u00fablica em um superminist\u00e9rio antes de assumir o cargo. Com a mudan\u00e7a, a estrutura hoje comandada por Andr\u00e9 Mendon\u00e7a ficaria esvaziada, sem seus \u00f3rg\u00e3os mais importantes, como a Pol\u00edcia Federal, o Departamento Penitenci\u00e1rio Nacional (Depen) e a Pol\u00edcia Rodovi\u00e1ria Federal (PRF).<\/p>\n\n\n\n<p>Quando assumiu o cargo, no fim de abril, Andr\u00e9 Mendon\u00e7a chegou a sondar o coronel Ara\u00fajo Gomes, ex-comandante da Pol\u00edcia Militar de Santa Catarina, para assumir a Secretaria Nacional de Seguran\u00e7a P\u00fablica.<\/p>\n\n\n\n<p>A nomea\u00e7\u00e3o, no entanto, n\u00e3o saiu e o cargo est\u00e1 vago desde a demiss\u00e3o do antigo titular da secretaria, o general Teophilo Gaspar, no in\u00edcio do m\u00eas passado. \u201cEu estou em conversa com o ministro (Mendon\u00e7a), mas em rela\u00e7\u00e3o \u00e0 Secretaria Nacional da Seguran\u00e7a P\u00fablica. Nos pr\u00f3ximos dias \u00e9 que vou saber como vai se encaminhar\u201d, afirmou o coronel.<\/p>\n\n\n\n<p><strong>Depoimento<\/strong><\/p>\n\n\n\n<p>Na mesma entrevista, Bolsonaro afirmou que pode prestar depoimento presencialmente \u00e0 PF no inqu\u00e9rito que investiga se houve interfer\u00eancia pol\u00edtica na corpora\u00e7\u00e3o. Para ele, o inqu\u00e9rito acabar\u00e1 sendo arquivado. \u201cA PF vai me ouvir, est\u00e3o decidindo se vai ser presencial ou por escrito, para mim tanto faz\u201d, afirmou o presidente. \u201cPosso conversar presencialmente com a Pol\u00edcia Federal, sem problema nenhum.\u201d Na semana passada, a PF afirmou ser \u201cnecess\u00e1ria a realiza\u00e7\u00e3o\u201d do depoimento de Bolsonaro. As informa\u00e7\u00f5es s\u00e3o do jornal O Estado de S. Paulo.<\/p>\n","protected":false},"excerpt":{"rendered":"<p>O&nbsp;presidente Jair Bolsonaro confirmou que tem inten\u00e7\u00e3o de recriar o Minist\u00e9rio da Seguran\u00e7a P\u00fablica. A decis\u00e3o j\u00e1 \u00e9 dada como certa nos corredores do Pal\u00e1cio&hellip; <\/p>\n","protected":false},"author":2,"featured_media":172897,"comment_status":"closed","ping_status":"closed","sticky":false,"template":"","format":"standard","meta":{"sfsi_plus_gutenberg_text_before_share":"","sfsi_plus_gutenberg_show_text_before_share":"","sfsi_plus_gutenberg_icon_type":"","sfsi_plus_gutenberg_icon_alignemt":"","sfsi_plus_gutenburg_max_per_row":"","footnotes":""},"categories":[11],"tags":[],"class_list":["post-172896","post","type-post","status-publish","format-standard","has-post-thumbnail","hentry","category-politica"],"_links":{"self":[{"href":"https:\/\/www.caririemacao.com\/1\/wp-json\/wp\/v2\/posts\/172896","targetHints":{"allow":["GET"]}}],"collection":[{"href":"https:\/\/www.caririemacao.com\/1\/wp-json\/wp\/v2\/posts"}],"about":[{"href":"https:\/\/www.caririemacao.com\/1\/wp-json\/wp\/v2\/types\/post"}],"author":[{"embeddable":true,"href":"https:\/\/www.caririemacao.com\/1\/wp-json\/wp\/v2\/users\/2"}],"replies":[{"embeddable":true,"href":"https:\/\/www.caririemacao.com\/1\/wp-json\/wp\/v2\/comments?post=172896"}],"version-history":[{"count":1,"href":"https:\/\/www.caririemacao.com\/1\/wp-json\/wp\/v2\/posts\/172896\/revisions"}],"predecessor-version":[{"id":172898,"href":"https:\/\/www.caririemacao.com\/1\/wp-json\/wp\/v2\/posts\/172896\/revisions\/172898"}],"wp:featuredmedia":[{"embeddable":true,"href":"https:\/\/www.caririemacao.com\/1\/wp-json\/wp\/v2\/media\/172897"}],"wp:attachment":[{"href":"https:\/\/www.caririemacao.com\/1\/wp-json\/wp\/v2\/media?parent=172896"}],"wp:term":[{"taxonomy":"category","embeddable":true,"href":"https:\/\/www.caririemacao.com\/1\/wp-json\/wp\/v2\/categories?post=172896"},{"taxonomy":"post_tag","embeddable":true,"href":"https:\/\/www.caririemacao.com\/1\/wp-json\/wp\/v2\/tags?post=172896"}],"curies":[{"name":"wp","href":"https:\/\/api.w.org\/{rel}","templated":true}]}}