{"id":172908,"date":"2020-06-04T14:05:12","date_gmt":"2020-06-04T17:05:12","guid":{"rendered":"https:\/\/www.caririemacao.com\/1\/?p=172908"},"modified":"2020-06-04T14:05:12","modified_gmt":"2020-06-04T17:05:12","slug":"liberdade-de-expressao-tem-que-ser-para-todo-mundo-diz-bolsonaro","status":"publish","type":"post","link":"https:\/\/www.caririemacao.com\/1\/2020\/06\/04\/liberdade-de-expressao-tem-que-ser-para-todo-mundo-diz-bolsonaro\/","title":{"rendered":"Liberdade de express\u00e3o tem que ser para todo mundo, diz Bolsonaro"},"content":{"rendered":"\n<h1 class=\"wp-block-heading\"><\/h1>\n\n\n\n<p>&#8220;Se o cara me chama de fascista por exemplo e eu processo, n\u00e3o acontece nada. Se eu chamo ele de fascista, levo R$ 20 mil no ombro. N\u00e3o adianta, minha taxa de sucesso \u00e9 pr\u00f3xima de zero. E outra coisa: se \u00e9 liberdade de express\u00e3o, tem que valer pra todo mundo&#8221;, respondeu Bolsonaro.<\/p>\n\n\n\n<p>A fala foi transmitida no perfil do presidente no Facebook.<\/p>\n\n\n\n<p>Em meio \u00e0 pandemia do novo coronav\u00edrus e ap\u00f3s semanas de atos pr\u00f3-Bolsonaro, o governo foi alvo de manifesta\u00e7\u00f5es contra o presidente e a favor da democracia no domingo (31). Novos atos foram convocados para este fim de semana.<\/p>\n\n\n\n<p>Em rea\u00e7\u00e3o, Bolsonaro classificou na ter\u00e7a (2) como marginais e terroristas os integrantes dos chamados grupos antifascistas que est\u00e3o promovendo os protestos.<br>&#8220;Come\u00e7ou aqui com os antifas em campo. O motivo, no meu entender, pol\u00edtico, diferente [daquele dos protestos nos EUA]. S\u00e3o marginais, no meu entender, terroristas. T\u00eam amea\u00e7ado, domingo, fazer movimentos pelo Brasil, em especial, aqui no DF&#8221;, disse Bolsonaro.<\/p>\n\n\n\n<p>Na segunda-feira (1\u00ba), o presidente j\u00e1 havia dito a seus apoiadores que eles n\u00e3o deveriam ir \u00e0s ruas no pr\u00f3ximo domingo (7), como fazem todos os finais de semana, j\u00e1 que, neste, est\u00e1 marcado um ato contra o fascismo e em oposi\u00e7\u00e3o ao governo Bolsonaro.<\/p>\n\n\n\n<p>Nesta quinta, Bolsonaro tamb\u00e9m conversou em frente ao Alvorada com um grupo de atiradores e colecionadores de arma de fogo. Eles agradeceram o mandat\u00e1rio pela edi\u00e7\u00e3o de normas que facilitaram o acesso a armas e muni\u00e7\u00f5es e pediram novas medidas para, segundo eles, &#8220;desburocratizar&#8221; procedimentos.<\/p>\n\n\n\n<p>Bolsonaro determinou que um integrante do governo se re\u00fana com o grupo para ouvir suas demandas em detalhe.<\/p>\n\n\n\n<p>Bolsonaro enfrenta o seu pico de rejei\u00e7\u00e3o desde o in\u00edcio do mandato, em janeiro do ano passado. Segundo pesquisa Datafolha da semana passada, 43% dos brasileiros consideram o governo ruim ou p\u00e9ssimo. Recorde na gest\u00e3o, esse n\u00famero era de 38% no levantamento anterior, no final de abril.<\/p>\n\n\n\n<p>Por outro lado, 33% dos brasileiros consideram sua gest\u00e3o \u00f3tima ou boa. J\u00e1 aqueles que acham o governo regular, potenciais eleitores-p\u00eandulo numa disputa polarizada, s\u00e3o 22%.<\/p>\n\n\n\n<p>De acordo com a mesma pesquisa, as possibilidades de impeachment e de ren\u00fancia do presidente continuam dividindo a popula\u00e7\u00e3o praticamente ao meio.<br>Disseram que o Congresso n\u00e3o deve abrir processo para afastar o presidente 50% dos entrevistados. Para 46%, o Legislativo deveria dar in\u00edcio ao processo. A margem de erro da pesquisa \u00e9 de dois pontos percentuais, para mais ou para menos.<\/p>\n\n\n\n<p>Em rela\u00e7\u00e3o \u00e0 ren\u00fancia, 50% acreditam que o presidente n\u00e3o deve renunciar, enquanto a taxa de quem defende a ren\u00fancia de Bolsonaro atingiu 48%.<\/p>\n","protected":false},"excerpt":{"rendered":"<p>&#8220;Se o cara me chama de fascista por exemplo e eu processo, n\u00e3o acontece nada. Se eu chamo ele de fascista, levo R$ 20 mil&hellip; <\/p>\n","protected":false},"author":2,"featured_media":172909,"comment_status":"closed","ping_status":"closed","sticky":false,"template":"","format":"standard","meta":{"sfsi_plus_gutenberg_text_before_share":"","sfsi_plus_gutenberg_show_text_before_share":"","sfsi_plus_gutenberg_icon_type":"","sfsi_plus_gutenberg_icon_alignemt":"","sfsi_plus_gutenburg_max_per_row":"","footnotes":""},"categories":[2],"tags":[],"class_list":["post-172908","post","type-post","status-publish","format-standard","has-post-thumbnail","hentry","category-geral"],"_links":{"self":[{"href":"https:\/\/www.caririemacao.com\/1\/wp-json\/wp\/v2\/posts\/172908","targetHints":{"allow":["GET"]}}],"collection":[{"href":"https:\/\/www.caririemacao.com\/1\/wp-json\/wp\/v2\/posts"}],"about":[{"href":"https:\/\/www.caririemacao.com\/1\/wp-json\/wp\/v2\/types\/post"}],"author":[{"embeddable":true,"href":"https:\/\/www.caririemacao.com\/1\/wp-json\/wp\/v2\/users\/2"}],"replies":[{"embeddable":true,"href":"https:\/\/www.caririemacao.com\/1\/wp-json\/wp\/v2\/comments?post=172908"}],"version-history":[{"count":1,"href":"https:\/\/www.caririemacao.com\/1\/wp-json\/wp\/v2\/posts\/172908\/revisions"}],"predecessor-version":[{"id":172910,"href":"https:\/\/www.caririemacao.com\/1\/wp-json\/wp\/v2\/posts\/172908\/revisions\/172910"}],"wp:featuredmedia":[{"embeddable":true,"href":"https:\/\/www.caririemacao.com\/1\/wp-json\/wp\/v2\/media\/172909"}],"wp:attachment":[{"href":"https:\/\/www.caririemacao.com\/1\/wp-json\/wp\/v2\/media?parent=172908"}],"wp:term":[{"taxonomy":"category","embeddable":true,"href":"https:\/\/www.caririemacao.com\/1\/wp-json\/wp\/v2\/categories?post=172908"},{"taxonomy":"post_tag","embeddable":true,"href":"https:\/\/www.caririemacao.com\/1\/wp-json\/wp\/v2\/tags?post=172908"}],"curies":[{"name":"wp","href":"https:\/\/api.w.org\/{rel}","templated":true}]}}