{"id":172912,"date":"2020-06-04T14:09:28","date_gmt":"2020-06-04T17:09:28","guid":{"rendered":"https:\/\/www.caririemacao.com\/1\/?p=172912"},"modified":"2020-06-04T14:09:28","modified_gmt":"2020-06-04T17:09:28","slug":"cantora-gospel-fabiana-anastacio-morre-vitima-da-covid-19-em-sao-paulo","status":"publish","type":"post","link":"https:\/\/www.caririemacao.com\/1\/2020\/06\/04\/cantora-gospel-fabiana-anastacio-morre-vitima-da-covid-19-em-sao-paulo\/","title":{"rendered":"Cantora gospel Fabiana Anast\u00e1cio morre v\u00edtima da Covid-19 em S\u00e3o Paulo"},"content":{"rendered":"\n<h3 class=\"wp-block-heading\"><\/h3>\n\n\n\n<hr class=\"wp-block-separator\"\/>\n\n\n\n<p>A cantora gospel Fabiana Anast\u00e1cio, de 45 anos, morreu em S\u00e3o Paulo na manh\u00e3 desta quinta-feira (4) v\u00edtima do novo coronav\u00edrus. A nota de falecimento foi publicada no perfil da artista nas redes sociais.<\/p>\n\n\n\n<p>Segundo informa\u00e7\u00f5es divulgadas na p\u00e1gina, Fabiana estava internada h\u00e1 mais de uma semana por conta de complica\u00e7\u00f5es decorrentes do coronav\u00edrus.<\/p>\n\n\n\n<p>No final de maio, um financiamento coletivo chegou a ser feito e divulgado no perfil para ajudar a custear o tratamento da artista.<\/p>\n\n\n\n<p>\u201cComo igreja sabemos que quando um parte do corpo perece, todo corpo sente a dor ou, pelo menos, deveria sentir. A dor n\u00e3o escolhe cor, nem ra\u00e7a, nem status ou condi\u00e7\u00e3o\u2026 ela simplesmente surge e traz suas consequ\u00eancias. Nesse momento nossa amiga\/pastora\/cantora Fabiana Anast\u00e1cio precisa da nossa ajuda para combater o COVID-19, ela est\u00e1 internada no hospital com todos os cuidados necess\u00e1rios, mas com um custo alto para a fam\u00edlia, ainda mais nesse momento de recesso de agendas e claro, com algo que ningu\u00e9m esperava. Estamos todos juntos nessa causa, #SomosTodosFabiana\u201d, dizia o texto publicado na p\u00e1gina do financiamento coletivo.<\/p>\n\n\n\n<figure class=\"wp-block-image\"><img decoding=\"async\" data-src=\"https:\/\/wscom.com.br\/wp-content\/uploads\/2020\/06\/fabiana-.gif\" alt=\"\" class=\"wp-image-713152 lazyload\" src=\"data:image\/svg+xml;base64,PHN2ZyB3aWR0aD0iMSIgaGVpZ2h0PSIxIiB4bWxucz0iaHR0cDovL3d3dy53My5vcmcvMjAwMC9zdmciPjwvc3ZnPg==\" \/><figcaption><strong>Nota de falecimento publicada no perfil da artista nas redes sociais \u2014 Foto: Reprodu\u00e7\u00e3o\/Facebook<\/strong><\/figcaption><\/figure>\n\n\n\n<p>Natural de Santo Andr\u00e9, Fabiana \u00e9 filha de um pastor e uma maestrina e cantava desde os 4 anos. Ela lan\u00e7ou seu primeiro disco solo em 2012.<\/p>\n","protected":false},"excerpt":{"rendered":"<p>A cantora gospel Fabiana Anast\u00e1cio, de 45 anos, morreu em S\u00e3o Paulo na manh\u00e3 desta quinta-feira (4) v\u00edtima do novo coronav\u00edrus. A nota de falecimento&hellip; <\/p>\n","protected":false},"author":2,"featured_media":172913,"comment_status":"closed","ping_status":"closed","sticky":false,"template":"","format":"standard","meta":{"sfsi_plus_gutenberg_text_before_share":"","sfsi_plus_gutenberg_show_text_before_share":"","sfsi_plus_gutenberg_icon_type":"","sfsi_plus_gutenberg_icon_alignemt":"","sfsi_plus_gutenburg_max_per_row":"","footnotes":""},"categories":[2],"tags":[],"class_list":["post-172912","post","type-post","status-publish","format-standard","has-post-thumbnail","hentry","category-geral"],"_links":{"self":[{"href":"https:\/\/www.caririemacao.com\/1\/wp-json\/wp\/v2\/posts\/172912","targetHints":{"allow":["GET"]}}],"collection":[{"href":"https:\/\/www.caririemacao.com\/1\/wp-json\/wp\/v2\/posts"}],"about":[{"href":"https:\/\/www.caririemacao.com\/1\/wp-json\/wp\/v2\/types\/post"}],"author":[{"embeddable":true,"href":"https:\/\/www.caririemacao.com\/1\/wp-json\/wp\/v2\/users\/2"}],"replies":[{"embeddable":true,"href":"https:\/\/www.caririemacao.com\/1\/wp-json\/wp\/v2\/comments?post=172912"}],"version-history":[{"count":1,"href":"https:\/\/www.caririemacao.com\/1\/wp-json\/wp\/v2\/posts\/172912\/revisions"}],"predecessor-version":[{"id":172914,"href":"https:\/\/www.caririemacao.com\/1\/wp-json\/wp\/v2\/posts\/172912\/revisions\/172914"}],"wp:featuredmedia":[{"embeddable":true,"href":"https:\/\/www.caririemacao.com\/1\/wp-json\/wp\/v2\/media\/172913"}],"wp:attachment":[{"href":"https:\/\/www.caririemacao.com\/1\/wp-json\/wp\/v2\/media?parent=172912"}],"wp:term":[{"taxonomy":"category","embeddable":true,"href":"https:\/\/www.caririemacao.com\/1\/wp-json\/wp\/v2\/categories?post=172912"},{"taxonomy":"post_tag","embeddable":true,"href":"https:\/\/www.caririemacao.com\/1\/wp-json\/wp\/v2\/tags?post=172912"}],"curies":[{"name":"wp","href":"https:\/\/api.w.org\/{rel}","templated":true}]}}