{"id":172920,"date":"2020-06-04T14:19:07","date_gmt":"2020-06-04T17:19:07","guid":{"rendered":"https:\/\/www.caririemacao.com\/1\/?p=172920"},"modified":"2020-06-04T14:19:07","modified_gmt":"2020-06-04T17:19:07","slug":"bolsonaro-escolhe-novo-secretario-executivo-do-ministerio-da-saude","status":"publish","type":"post","link":"https:\/\/www.caririemacao.com\/1\/2020\/06\/04\/bolsonaro-escolhe-novo-secretario-executivo-do-ministerio-da-saude\/","title":{"rendered":"Bolsonaro escolhe novo secret\u00e1rio executivo do Minist\u00e9rio da Sa\u00fade"},"content":{"rendered":"\n<h2 class=\"wp-block-heading\"><\/h2>\n\n\n\n<p>O presidente Jair Bolsonaro nomeou\u00a0hoje\u00a0(4) o coronel Ant\u00f4nio Elcio Franco Filho como secret\u00e1rio executivo do Minist\u00e9rio da Sa\u00fade.<img decoding=\"async\" data-src=\"https:\/\/agenciabrasil.ebc.com.br\/ebc.png?id=1308823&amp;o=node\" src=\"data:image\/svg+xml;base64,PHN2ZyB3aWR0aD0iMSIgaGVpZ2h0PSIxIiB4bWxucz0iaHR0cDovL3d3dy53My5vcmcvMjAwMC9zdmciPjwvc3ZnPg==\" class=\"lazyload\">\u00a0Ele entra no lugar de\u00a0Eduardo Pazuello, que assumiu interinamente o comando do minist\u00e9rioex-ministro Nelson Teich<\/p>\n\n\n\n<p>Desde o m\u00eas passado, Franco j\u00e1 era adjunto da Secretaria Executiva da pasta. A portaria de nomea\u00e7\u00e3o foi publicada em\u00a0edi\u00e7\u00e3o extra do\u00a0<em>Di\u00e1rio Oficial da Uni\u00e3o<\/em><\/p>\n\n\n\n<h2 class=\"wp-block-heading\">Carreira<\/h2>\n\n\n\n<p>Oficial da reserva do Ex\u00e9rcito desde mar\u00e7o de 2019, de l\u00e1 para c\u00e1, Franco trabalhou na Casa Civil do governo de Roraima e foi secret\u00e1rio de Sa\u00fade do estado. Tamb\u00e9m atuou como consultor da prefeitura de Boa Vista.<\/p>\n\n\n\n<p>\u00c9 mestre em opera\u00e7\u00f5es militares e ci\u00eancias militares e atuou nas opera\u00e7\u00f5es de seguran\u00e7a e defesa dos Jogos Ol\u00edmpicos e Paral\u00edmpicos Rio 2016 e\u00a0<\/p>\n","protected":false},"excerpt":{"rendered":"<p>O presidente Jair Bolsonaro nomeou\u00a0hoje\u00a0(4) o coronel Ant\u00f4nio Elcio Franco Filho como secret\u00e1rio executivo do Minist\u00e9rio da Sa\u00fade.\u00a0Ele entra no lugar de\u00a0Eduardo Pazuello, que assumiu&hellip; <\/p>\n","protected":false},"author":2,"featured_media":172687,"comment_status":"closed","ping_status":"closed","sticky":false,"template":"","format":"standard","meta":{"sfsi_plus_gutenberg_text_before_share":"","sfsi_plus_gutenberg_show_text_before_share":"","sfsi_plus_gutenberg_icon_type":"","sfsi_plus_gutenberg_icon_alignemt":"","sfsi_plus_gutenburg_max_per_row":"","footnotes":""},"categories":[2],"tags":[],"class_list":["post-172920","post","type-post","status-publish","format-standard","has-post-thumbnail","hentry","category-geral"],"_links":{"self":[{"href":"https:\/\/www.caririemacao.com\/1\/wp-json\/wp\/v2\/posts\/172920","targetHints":{"allow":["GET"]}}],"collection":[{"href":"https:\/\/www.caririemacao.com\/1\/wp-json\/wp\/v2\/posts"}],"about":[{"href":"https:\/\/www.caririemacao.com\/1\/wp-json\/wp\/v2\/types\/post"}],"author":[{"embeddable":true,"href":"https:\/\/www.caririemacao.com\/1\/wp-json\/wp\/v2\/users\/2"}],"replies":[{"embeddable":true,"href":"https:\/\/www.caririemacao.com\/1\/wp-json\/wp\/v2\/comments?post=172920"}],"version-history":[{"count":1,"href":"https:\/\/www.caririemacao.com\/1\/wp-json\/wp\/v2\/posts\/172920\/revisions"}],"predecessor-version":[{"id":172921,"href":"https:\/\/www.caririemacao.com\/1\/wp-json\/wp\/v2\/posts\/172920\/revisions\/172921"}],"wp:featuredmedia":[{"embeddable":true,"href":"https:\/\/www.caririemacao.com\/1\/wp-json\/wp\/v2\/media\/172687"}],"wp:attachment":[{"href":"https:\/\/www.caririemacao.com\/1\/wp-json\/wp\/v2\/media?parent=172920"}],"wp:term":[{"taxonomy":"category","embeddable":true,"href":"https:\/\/www.caririemacao.com\/1\/wp-json\/wp\/v2\/categories?post=172920"},{"taxonomy":"post_tag","embeddable":true,"href":"https:\/\/www.caririemacao.com\/1\/wp-json\/wp\/v2\/tags?post=172920"}],"curies":[{"name":"wp","href":"https:\/\/api.w.org\/{rel}","templated":true}]}}