{"id":172927,"date":"2020-06-04T14:27:29","date_gmt":"2020-06-04T17:27:29","guid":{"rendered":"https:\/\/www.caririemacao.com\/1\/?p=172927"},"modified":"2020-06-04T14:27:29","modified_gmt":"2020-06-04T17:27:29","slug":"paraiba-tem-mais-casos-de-mortes-por-raios-do-nordeste","status":"publish","type":"post","link":"https:\/\/www.caririemacao.com\/1\/2020\/06\/04\/paraiba-tem-mais-casos-de-mortes-por-raios-do-nordeste\/","title":{"rendered":"Para\u00edba tem mais casos de mortes por raios do Nordeste"},"content":{"rendered":"\n<h1 class=\"wp-block-heading\"><\/h1>\n\n\n\n<p>A Para\u00edba \u00e9 o estado do Nordeste com mais mortes causadas por raios no ano de 2020, segundo dados do Grupo de Eletricidade Atmosf\u00e9rica (Elat) do Instituto Nacional de Pesquisas Espaciais (Inpe). De janeiro at\u00e9 essa quarta-feira (3), quatro \u00f3bitos tinham sido registrados no estado. Os casos aconteceram nos munic\u00edpios de Massaranduba, Cubati e Conde. Cear\u00e1, Piau\u00ed e Maranh\u00e3o dividem a segunda coloca\u00e7\u00e3o do ranking regional, com dois casos cada um. Bahia e Pernambuco t\u00eam uma morte cada. Rio Grande do Norte, Alagoas e Sergipe n\u00e3o registraram fatalidades.<\/p>\n\n\n\n<p>Os n\u00fameros de 2020 igualam o acumulado de ocorr\u00eancias fatais registradas entre 2000 e 2019. Um estudo recente do Elat\/Inpe apontou que a Para\u00edba teve quatro mortes nesse per\u00edodo, ocupando o \u00faltimo lugar no ranking nacional de fatalidades. O levantamento mostrou que 43% dos \u00f3bitos causados por raios na Para\u00edba tem como v\u00edtimas crian\u00e7as e jovens com idade entre 10 e 19 anos. O segundo grupo mais afetado \u00e9 composto por pessoas na faixa et\u00e1ria dos 20 aos 29 anos. A maioria das fatalidades com cargas el\u00e9tricas atmosf\u00e9ricas, 75%, aconteceu ao ar livre.<\/p>\n\n\n\n<p>O coordenador do Elat\/Inpe, Osmar Pinto Jr., explica que a Para\u00edba \u00e9 um dos estados com menor incid\u00eancia de raios no pa\u00eds, tendo ficado em 22\u00ba lugar no per\u00edodo de 2000 a 2019. Segundo ele, a incid\u00eancia de raios depende da combina\u00e7\u00e3o de v\u00e1rios fatores, como latitude, localiza\u00e7\u00e3o geogr\u00e1fica, relevo e urbaniza\u00e7\u00e3o.<\/p>\n\n\n\n<p>O especialista analisa que o fato de o n\u00famero de mortes em 2020 ter igualado o acumulado de uma d\u00e9cada n\u00e3o necessariamente representa uma altera\u00e7\u00e3o nos sistemas de tempestade que induzem os raios. Para ele, as fatalidades ocorrem porque a popula\u00e7\u00e3o desconhece medidas b\u00e1sicas de prote\u00e7\u00e3o.<\/p>\n\n\n\n<p>\u201cAlguns estudos apontam uma tend\u00eancia de aumento no n\u00famero de raios em decorr\u00eancia do aquecimento global, mas isso s\u00f3 deve acontecer daqui a muitos anos. Ent\u00e3o, as mortes que ocorreram na Para\u00edba em 2020 s\u00e3o circunstanciais, uma mera casualidade. Mortes n\u00e3o dependem s\u00f3 da incid\u00eancia de raios, mas principalmente do grau de informa\u00e7\u00e3o da popula\u00e7\u00e3o\u201d, crava.<\/p>\n\n\n\n<p>De acordo com Osmar Pinto Jr., 79% das mortes causadas por cargas el\u00e9tricas atmosf\u00e9ricas no Brasil acontecem ao ar livre. \u201cEm zonas rurais ou ambientes sem cobertura, como praias, o risco \u00e9 maior. Ent\u00e3o, ao perceber a aproxima\u00e7\u00e3o de uma tempestade, deve-se parar imediatamente o que se est\u00e1 fazendo e procurar abrigo em local seguro, como dentro de um carro\u201d.<\/p>\n\n\n\n<p>Casas tamb\u00e9m s\u00e3o uma boa op\u00e7\u00e3o, no entanto, ainda \u00e9 poss\u00edvel ser atingido por um raio nesses locais. De 2000 a 2019, 21% dos \u00f3bitos ocorreu em ambiente domiciliar. \u201cDentro de casa, \u00e9 importante se manter longe de da rede el\u00e9trica e n\u00e3o utilizar aparelhos eletr\u00f4nicos ligados \u00e0 tomada, como celular ou geladeira\u201d, alerta o coordenador do Elat\/Inpe.<\/p>\n\n\n\n<p>Escurecimento do c\u00e9u, ventos intensos e som de trov\u00f5es s\u00e3o sinais de que uma tempestade se aproxima e servem como alerta para necessidade de prote\u00e7\u00e3o.<\/p>\n\n\n\n<p>Fonte: Portal Correio<\/p>\n","protected":false},"excerpt":{"rendered":"<p>A Para\u00edba \u00e9 o estado do Nordeste com mais mortes causadas por raios no ano de 2020, segundo dados do Grupo de Eletricidade Atmosf\u00e9rica (Elat)&hellip; <\/p>\n","protected":false},"author":2,"featured_media":172928,"comment_status":"closed","ping_status":"closed","sticky":false,"template":"","format":"standard","meta":{"sfsi_plus_gutenberg_text_before_share":"","sfsi_plus_gutenberg_show_text_before_share":"","sfsi_plus_gutenberg_icon_type":"","sfsi_plus_gutenberg_icon_alignemt":"","sfsi_plus_gutenburg_max_per_row":"","footnotes":""},"categories":[2],"tags":[],"class_list":["post-172927","post","type-post","status-publish","format-standard","has-post-thumbnail","hentry","category-geral"],"_links":{"self":[{"href":"https:\/\/www.caririemacao.com\/1\/wp-json\/wp\/v2\/posts\/172927","targetHints":{"allow":["GET"]}}],"collection":[{"href":"https:\/\/www.caririemacao.com\/1\/wp-json\/wp\/v2\/posts"}],"about":[{"href":"https:\/\/www.caririemacao.com\/1\/wp-json\/wp\/v2\/types\/post"}],"author":[{"embeddable":true,"href":"https:\/\/www.caririemacao.com\/1\/wp-json\/wp\/v2\/users\/2"}],"replies":[{"embeddable":true,"href":"https:\/\/www.caririemacao.com\/1\/wp-json\/wp\/v2\/comments?post=172927"}],"version-history":[{"count":1,"href":"https:\/\/www.caririemacao.com\/1\/wp-json\/wp\/v2\/posts\/172927\/revisions"}],"predecessor-version":[{"id":172929,"href":"https:\/\/www.caririemacao.com\/1\/wp-json\/wp\/v2\/posts\/172927\/revisions\/172929"}],"wp:featuredmedia":[{"embeddable":true,"href":"https:\/\/www.caririemacao.com\/1\/wp-json\/wp\/v2\/media\/172928"}],"wp:attachment":[{"href":"https:\/\/www.caririemacao.com\/1\/wp-json\/wp\/v2\/media?parent=172927"}],"wp:term":[{"taxonomy":"category","embeddable":true,"href":"https:\/\/www.caririemacao.com\/1\/wp-json\/wp\/v2\/categories?post=172927"},{"taxonomy":"post_tag","embeddable":true,"href":"https:\/\/www.caririemacao.com\/1\/wp-json\/wp\/v2\/tags?post=172927"}],"curies":[{"name":"wp","href":"https:\/\/api.w.org\/{rel}","templated":true}]}}