{"id":172931,"date":"2020-06-04T14:31:43","date_gmt":"2020-06-04T17:31:43","guid":{"rendered":"https:\/\/www.caririemacao.com\/1\/?p=172931"},"modified":"2020-06-04T14:31:43","modified_gmt":"2020-06-04T17:31:43","slug":"jardineiro-de-senador-paraibano-morre-de-covid-19","status":"publish","type":"post","link":"https:\/\/www.caririemacao.com\/1\/2020\/06\/04\/jardineiro-de-senador-paraibano-morre-de-covid-19\/","title":{"rendered":"Jardineiro de senador paraibano morre de Covid-19"},"content":{"rendered":"\n<h1 class=\"wp-block-heading\"><\/h1>\n\n\n\n<p>O jardineiro do senador Jos\u00e9 Maranh\u00e3o, Andr\u00e9 Antonio da Silva, morreu ontem (3) \u00e0 noite de Covid-19, na Para\u00edba. O senador divulgou hoje (4), uma nota de pesar pelo falecimento do funcion\u00e1rio de muitos anos, o homem que \u201dlevou flores para o seu lar\u201d, a quem chamou tamb\u00e9m de amigo.<\/p>\n\n\n\n<p>\u2018Um an\u00f4nimo no mundo social e humano por n\u00e3o ter profiss\u00e3o de destaque ou nome de fam\u00edlia importante\u201d, diz a nota.&nbsp;<\/p>\n\n\n\n<p>O texto tamb\u00e9m destaca que Andr\u00e9 Antonio da Silva amava as plantas. Ele faleceu na noite dessa quarta-feira (3), v\u00edtima da Covid-19 e Jos\u00e9 Maranh\u00e3o usou a&nbsp;<em>hashtag<\/em>&nbsp;\u201dluto\u201d junto com a homenagem.<\/p>\n\n\n\n<p>Fonte: ClickPB<\/p>\n","protected":false},"excerpt":{"rendered":"<p>O jardineiro do senador Jos\u00e9 Maranh\u00e3o, Andr\u00e9 Antonio da Silva, morreu ontem (3) \u00e0 noite de Covid-19, na Para\u00edba. O senador divulgou hoje (4), uma&hellip; <\/p>\n","protected":false},"author":2,"featured_media":172932,"comment_status":"closed","ping_status":"closed","sticky":false,"template":"","format":"standard","meta":{"sfsi_plus_gutenberg_text_before_share":"","sfsi_plus_gutenberg_show_text_before_share":"","sfsi_plus_gutenberg_icon_type":"","sfsi_plus_gutenberg_icon_alignemt":"","sfsi_plus_gutenburg_max_per_row":"","footnotes":""},"categories":[2],"tags":[],"class_list":["post-172931","post","type-post","status-publish","format-standard","has-post-thumbnail","hentry","category-geral"],"_links":{"self":[{"href":"https:\/\/www.caririemacao.com\/1\/wp-json\/wp\/v2\/posts\/172931","targetHints":{"allow":["GET"]}}],"collection":[{"href":"https:\/\/www.caririemacao.com\/1\/wp-json\/wp\/v2\/posts"}],"about":[{"href":"https:\/\/www.caririemacao.com\/1\/wp-json\/wp\/v2\/types\/post"}],"author":[{"embeddable":true,"href":"https:\/\/www.caririemacao.com\/1\/wp-json\/wp\/v2\/users\/2"}],"replies":[{"embeddable":true,"href":"https:\/\/www.caririemacao.com\/1\/wp-json\/wp\/v2\/comments?post=172931"}],"version-history":[{"count":1,"href":"https:\/\/www.caririemacao.com\/1\/wp-json\/wp\/v2\/posts\/172931\/revisions"}],"predecessor-version":[{"id":172933,"href":"https:\/\/www.caririemacao.com\/1\/wp-json\/wp\/v2\/posts\/172931\/revisions\/172933"}],"wp:featuredmedia":[{"embeddable":true,"href":"https:\/\/www.caririemacao.com\/1\/wp-json\/wp\/v2\/media\/172932"}],"wp:attachment":[{"href":"https:\/\/www.caririemacao.com\/1\/wp-json\/wp\/v2\/media?parent=172931"}],"wp:term":[{"taxonomy":"category","embeddable":true,"href":"https:\/\/www.caririemacao.com\/1\/wp-json\/wp\/v2\/categories?post=172931"},{"taxonomy":"post_tag","embeddable":true,"href":"https:\/\/www.caririemacao.com\/1\/wp-json\/wp\/v2\/tags?post=172931"}],"curies":[{"name":"wp","href":"https:\/\/api.w.org\/{rel}","templated":true}]}}