{"id":172937,"date":"2020-06-04T21:28:13","date_gmt":"2020-06-05T00:28:13","guid":{"rendered":"https:\/\/www.caririemacao.com\/1\/?p=172937"},"modified":"2020-06-04T21:28:13","modified_gmt":"2020-06-05T00:28:13","slug":"prefeitura-de-monteiro-confirma-mais-um-caso-e-registra-60-dos-casos-recuperados","status":"publish","type":"post","link":"https:\/\/www.caririemacao.com\/1\/2020\/06\/04\/prefeitura-de-monteiro-confirma-mais-um-caso-e-registra-60-dos-casos-recuperados\/","title":{"rendered":"Prefeitura de Monteiro confirma mais um caso e registra 60% dos casos recuperados"},"content":{"rendered":"\n<p>A Prefeitura de Monteiro, atrav\u00e9s da Secret\u00e1ria de Sa\u00fade, divulgou no final da tarde desta quinta-feira, 4, mais um boletim epidemiol\u00f3gico do COVID \u2013 19, confirmando um \u00fanico caso nas \u00faltimas 24 horas.<\/p>\n\n\n\n<p>Trata-se de uma jovem, 19 anos, sexo feminino que est\u00e1 em isolamento domiciliar e com acompanhamento da equipe de sa\u00fade, inclusive de psic\u00f3logos para o paciente, e familiares.&nbsp;<br>A Secret\u00e1ria de Sa\u00fade tamb\u00e9m registrou que nesta quinta-feira mais tr\u00eas pacientes, que anteriormente testaram positivo, foram atestados como RECUPERADOS, e, neste caso, apenas 13 pacientes continuam com a s\u00edndrome do coronav\u00edrus, representando mais de 60% dos casos recuperados.<br>A prefeita Anna Lorena ao comentar os novos n\u00fameros refor\u00e7ou a import\u00e2ncia de toda popula\u00e7\u00e3o seguir as orienta\u00e7\u00f5es do distanciamento social, o uso de m\u00e1scaras, a higieniza\u00e7\u00e3o das m\u00e3os com \u00e1lcool 70% e demais medidas apresentadas pela Secretaria de Sa\u00fade.<\/p>\n","protected":false},"excerpt":{"rendered":"<p>A Prefeitura de Monteiro, atrav\u00e9s da Secret\u00e1ria de Sa\u00fade, divulgou no final da tarde desta quinta-feira, 4, mais um boletim epidemiol\u00f3gico do COVID \u2013 19,&hellip; <\/p>\n","protected":false},"author":1,"featured_media":172938,"comment_status":"closed","ping_status":"closed","sticky":false,"template":"","format":"standard","meta":{"sfsi_plus_gutenberg_text_before_share":"","sfsi_plus_gutenberg_show_text_before_share":"","sfsi_plus_gutenberg_icon_type":"","sfsi_plus_gutenberg_icon_alignemt":"","sfsi_plus_gutenburg_max_per_row":"","footnotes":""},"categories":[6,50],"tags":[],"class_list":["post-172937","post","type-post","status-publish","format-standard","has-post-thumbnail","hentry","category-cidades","category-destaque"],"_links":{"self":[{"href":"https:\/\/www.caririemacao.com\/1\/wp-json\/wp\/v2\/posts\/172937","targetHints":{"allow":["GET"]}}],"collection":[{"href":"https:\/\/www.caririemacao.com\/1\/wp-json\/wp\/v2\/posts"}],"about":[{"href":"https:\/\/www.caririemacao.com\/1\/wp-json\/wp\/v2\/types\/post"}],"author":[{"embeddable":true,"href":"https:\/\/www.caririemacao.com\/1\/wp-json\/wp\/v2\/users\/1"}],"replies":[{"embeddable":true,"href":"https:\/\/www.caririemacao.com\/1\/wp-json\/wp\/v2\/comments?post=172937"}],"version-history":[{"count":1,"href":"https:\/\/www.caririemacao.com\/1\/wp-json\/wp\/v2\/posts\/172937\/revisions"}],"predecessor-version":[{"id":172939,"href":"https:\/\/www.caririemacao.com\/1\/wp-json\/wp\/v2\/posts\/172937\/revisions\/172939"}],"wp:featuredmedia":[{"embeddable":true,"href":"https:\/\/www.caririemacao.com\/1\/wp-json\/wp\/v2\/media\/172938"}],"wp:attachment":[{"href":"https:\/\/www.caririemacao.com\/1\/wp-json\/wp\/v2\/media?parent=172937"}],"wp:term":[{"taxonomy":"category","embeddable":true,"href":"https:\/\/www.caririemacao.com\/1\/wp-json\/wp\/v2\/categories?post=172937"},{"taxonomy":"post_tag","embeddable":true,"href":"https:\/\/www.caririemacao.com\/1\/wp-json\/wp\/v2\/tags?post=172937"}],"curies":[{"name":"wp","href":"https:\/\/api.w.org\/{rel}","templated":true}]}}