{"id":172940,"date":"2020-06-04T21:32:36","date_gmt":"2020-06-05T00:32:36","guid":{"rendered":"https:\/\/www.caririemacao.com\/1\/?p=172940"},"modified":"2020-06-04T21:32:36","modified_gmt":"2020-06-05T00:32:36","slug":"ifpb-de-monteiro-realiza-doacao-de-lanches-para-alunos-de-creche-da-rede-municipal-de-monteiro","status":"publish","type":"post","link":"https:\/\/www.caririemacao.com\/1\/2020\/06\/04\/ifpb-de-monteiro-realiza-doacao-de-lanches-para-alunos-de-creche-da-rede-municipal-de-monteiro\/","title":{"rendered":"IFPB de Monteiro realiza doa\u00e7\u00e3o de lanches para alunos de creche da rede Municipal de Monteiro"},"content":{"rendered":"\n<p>Na \u00faltima sexta-feira, 29 de maio, aconteceu mais uma a\u00e7\u00e3o do IFPB Solid\u00e1rio, desta vez em parceria com a rede municipal de ensino de Monteiro.&nbsp;<\/p>\n\n\n\n<p>O IFPB Solid\u00e1rio \u00e9 o conjunto de a\u00e7\u00f5es solid\u00e1rias\u00a0 do Instituto no enfrentamento \u00e0 COVID-19 e na defesa da vida.\u00a0<br>Nesse sentido, os servidores do campus de Monteiro se reuniram, atrav\u00e9s do contato e da media\u00e7\u00e3o da diretora da creche, Josineide Oliveira Ferreira, e realizaram uma doa\u00e7\u00e3o de 178 Kits de lanches para as crian\u00e7as da Creche Dr. Fernando Bezerra Paraguay, do bairro Vila Santa Maria, o mesmo bairro em que o Instituo est\u00e1 instalado.<\/p>\n\n\n\n<p><br>A a\u00e7\u00e3o foi realizada atrav\u00e9s da parceria entre IFPB e a Unidade municipal de Ensino.\u201cA campanha IFPB solid\u00e1rio se configura num esfor\u00e7o da sociedade em minimizar os efeitos da Pandemia da Covid-19, principalmente para aqueles que tem maior vulnerabilidade, os servidores do campus Monteiro se engajaram nessa campanha e chamam toda a\u00a0 sociedade para participar junto conosco\u201d, disse o Diretor Geral do campus Monteiro, Abra\u00e3o Rom\u00e3o Batista.<\/p>\n\n\n\n<p><br>\u201cA somat\u00f3ria de esfor\u00e7os entre os diferentes segmentos da sociedade \u00e9 crucial neste momento de crise que enfrentamos. Agradecemos o apoio do IFPB, e as nossas crian\u00e7as ficam extremamente agradecidas tamb\u00e9m por este lindo gesto\u201d, disse a diretora da Creche Josineide Oliveira.<\/p>\n\n\n\n<p><br>Mais doa\u00e7\u00f5es\u00a0Ainda visado o bem para as comunidades carentes, professores do IFPB &#8211; Campus Monteiro, ainda se mobilizaram e realizaram doa\u00e7\u00f5es de diversas cestas b\u00e1sicas para a Secretaria de Desenvolvimento Social do munic\u00edpio.<br>Tais doa\u00e7\u00f5es foram direcionadas \u00e0s fam\u00edlias em vulnerabilidade social, identificadas pelas equipes da Secretaria.<\/p>\n\n\n\n<p><br>&#8220;Neste momento de crise temos visto a prestatividade da popula\u00e7\u00e3o e agradecemos aos professores do IFPB que contribu\u00edram para que as vidas de pessoas necssitadas pudessem ser melhoradas atrav\u00e9s das cestas que garantir\u00e3o uma nutri\u00e7\u00e3o adequada a estas fam\u00edlias &#8220;, agradeceu Rosa Aleixo, secret\u00e1ria da pasta.\u00a0<\/p>\n","protected":false},"excerpt":{"rendered":"<p>Na \u00faltima sexta-feira, 29 de maio, aconteceu mais uma a\u00e7\u00e3o do IFPB Solid\u00e1rio, desta vez em parceria com a rede municipal de ensino de Monteiro.&nbsp;&hellip; <\/p>\n","protected":false},"author":1,"featured_media":172941,"comment_status":"closed","ping_status":"closed","sticky":false,"template":"","format":"standard","meta":{"sfsi_plus_gutenberg_text_before_share":"","sfsi_plus_gutenberg_show_text_before_share":"","sfsi_plus_gutenberg_icon_type":"","sfsi_plus_gutenberg_icon_alignemt":"","sfsi_plus_gutenburg_max_per_row":"","footnotes":""},"categories":[6,50],"tags":[],"class_list":["post-172940","post","type-post","status-publish","format-standard","has-post-thumbnail","hentry","category-cidades","category-destaque"],"_links":{"self":[{"href":"https:\/\/www.caririemacao.com\/1\/wp-json\/wp\/v2\/posts\/172940","targetHints":{"allow":["GET"]}}],"collection":[{"href":"https:\/\/www.caririemacao.com\/1\/wp-json\/wp\/v2\/posts"}],"about":[{"href":"https:\/\/www.caririemacao.com\/1\/wp-json\/wp\/v2\/types\/post"}],"author":[{"embeddable":true,"href":"https:\/\/www.caririemacao.com\/1\/wp-json\/wp\/v2\/users\/1"}],"replies":[{"embeddable":true,"href":"https:\/\/www.caririemacao.com\/1\/wp-json\/wp\/v2\/comments?post=172940"}],"version-history":[{"count":1,"href":"https:\/\/www.caririemacao.com\/1\/wp-json\/wp\/v2\/posts\/172940\/revisions"}],"predecessor-version":[{"id":172942,"href":"https:\/\/www.caririemacao.com\/1\/wp-json\/wp\/v2\/posts\/172940\/revisions\/172942"}],"wp:featuredmedia":[{"embeddable":true,"href":"https:\/\/www.caririemacao.com\/1\/wp-json\/wp\/v2\/media\/172941"}],"wp:attachment":[{"href":"https:\/\/www.caririemacao.com\/1\/wp-json\/wp\/v2\/media?parent=172940"}],"wp:term":[{"taxonomy":"category","embeddable":true,"href":"https:\/\/www.caririemacao.com\/1\/wp-json\/wp\/v2\/categories?post=172940"},{"taxonomy":"post_tag","embeddable":true,"href":"https:\/\/www.caririemacao.com\/1\/wp-json\/wp\/v2\/tags?post=172940"}],"curies":[{"name":"wp","href":"https:\/\/api.w.org\/{rel}","templated":true}]}}