{"id":172943,"date":"2020-06-05T05:53:56","date_gmt":"2020-06-05T08:53:56","guid":{"rendered":"https:\/\/www.caririemacao.com\/1\/?p=172943"},"modified":"2020-06-05T05:53:56","modified_gmt":"2020-06-05T08:53:56","slug":"auxilio-emergencial-deve-ser-estendido-em-mais-duas-parcelas-de-r-300","status":"publish","type":"post","link":"https:\/\/www.caririemacao.com\/1\/2020\/06\/05\/auxilio-emergencial-deve-ser-estendido-em-mais-duas-parcelas-de-r-300\/","title":{"rendered":"Aux\u00edlio emergencial deve ser estendido em mais duas parcelas de R$ 300"},"content":{"rendered":"\n<h2 class=\"wp-block-heading\"><\/h2>\n\n\n\n<p>Com o prolongamento da crise causada pela pandemia do coronav\u00edrus, o governo bateu o martelo e ir\u00e1 propor ao Congresso um valor adicional de R$ 600 por pessoa que j\u00e1 tem direito ao aux\u00edlio emergencial. Segundo fontes ouvidas pelo blog da Ana Flor, a prefer\u00eancia do presidente Jair Bolsonaro \u00e9 que o valor seja dividido em duas parcelas de R$ 300.<br><br>O aux\u00edlio foi criado em abril, com previs\u00e3o original de ser pago em tr\u00eas parcelas de R$ 600, at\u00e9 junho. Os benefici\u00e1rios s\u00e3o trabalhadores informais que ficaram sem renda na pandemia.<br><br>Ao discutir as parcelas extras, a equipe econ\u00f4mica trabalhava com a ideia de estender a ajuda a tr\u00eas pagamentos de R$ 200. Segundo uma fonte pr\u00f3xima do presidente, Bolsonaro achou o valor de R$ 200 baixo. Por isso, a ideia de transformar em duas parcelas de valor maior.<br><br>O governo se preocupa ainda com o pagamento indevido a pessoas que n\u00e3o precisam receber e omitem dados ao se cadastrar. Segundo o Tribunal de Contas da Uni\u00e3o (TCU), mais de 8 milh\u00f5es de pessoas podem ter recebido indevidamente o aux\u00edlio. Al\u00e9m disso, 11 milh\u00f5es de pedidos ainda aguardam an\u00e1lise.<br><br>A proposta do governo precisar\u00e1 passar pelo Congresso Nacional, onde o tema \u00e9 sens\u00edvel. O primeiro aux\u00edlio chegou ao Congresso com o valor de R$ 200 reais mensais e, ap\u00f3s acordo com o governo, subiu para R$ 600 ao m\u00eas. O impacto do aux\u00edlio que vem sendo pago \u00e9 de mais de R$ 150 bilh\u00f5es nas contas do governo.<\/p>\n","protected":false},"excerpt":{"rendered":"<p>Com o prolongamento da crise causada pela pandemia do coronav\u00edrus, o governo bateu o martelo e ir\u00e1 propor ao Congresso um valor adicional de R$&hellip; <\/p>\n","protected":false},"author":2,"featured_media":172944,"comment_status":"closed","ping_status":"closed","sticky":false,"template":"","format":"standard","meta":{"sfsi_plus_gutenberg_text_before_share":"","sfsi_plus_gutenberg_show_text_before_share":"","sfsi_plus_gutenberg_icon_type":"","sfsi_plus_gutenberg_icon_alignemt":"","sfsi_plus_gutenburg_max_per_row":"","footnotes":""},"categories":[2],"tags":[],"class_list":["post-172943","post","type-post","status-publish","format-standard","has-post-thumbnail","hentry","category-geral"],"_links":{"self":[{"href":"https:\/\/www.caririemacao.com\/1\/wp-json\/wp\/v2\/posts\/172943","targetHints":{"allow":["GET"]}}],"collection":[{"href":"https:\/\/www.caririemacao.com\/1\/wp-json\/wp\/v2\/posts"}],"about":[{"href":"https:\/\/www.caririemacao.com\/1\/wp-json\/wp\/v2\/types\/post"}],"author":[{"embeddable":true,"href":"https:\/\/www.caririemacao.com\/1\/wp-json\/wp\/v2\/users\/2"}],"replies":[{"embeddable":true,"href":"https:\/\/www.caririemacao.com\/1\/wp-json\/wp\/v2\/comments?post=172943"}],"version-history":[{"count":1,"href":"https:\/\/www.caririemacao.com\/1\/wp-json\/wp\/v2\/posts\/172943\/revisions"}],"predecessor-version":[{"id":172945,"href":"https:\/\/www.caririemacao.com\/1\/wp-json\/wp\/v2\/posts\/172943\/revisions\/172945"}],"wp:featuredmedia":[{"embeddable":true,"href":"https:\/\/www.caririemacao.com\/1\/wp-json\/wp\/v2\/media\/172944"}],"wp:attachment":[{"href":"https:\/\/www.caririemacao.com\/1\/wp-json\/wp\/v2\/media?parent=172943"}],"wp:term":[{"taxonomy":"category","embeddable":true,"href":"https:\/\/www.caririemacao.com\/1\/wp-json\/wp\/v2\/categories?post=172943"},{"taxonomy":"post_tag","embeddable":true,"href":"https:\/\/www.caririemacao.com\/1\/wp-json\/wp\/v2\/tags?post=172943"}],"curies":[{"name":"wp","href":"https:\/\/api.w.org\/{rel}","templated":true}]}}