{"id":172947,"date":"2020-06-05T05:56:04","date_gmt":"2020-06-05T08:56:04","guid":{"rendered":"https:\/\/www.caririemacao.com\/1\/?p=172947"},"modified":"2020-06-05T05:56:04","modified_gmt":"2020-06-05T08:56:04","slug":"imposto-de-renda-2020-saiba-como-destinar-renda-para-projetos-sociais","status":"publish","type":"post","link":"https:\/\/www.caririemacao.com\/1\/2020\/06\/05\/imposto-de-renda-2020-saiba-como-destinar-renda-para-projetos-sociais\/","title":{"rendered":"Imposto de Renda 2020: Saiba como destinar renda para projetos sociais"},"content":{"rendered":"\n<h1 class=\"wp-block-heading\"><\/h1>\n\n\n\n<p>O prazo para a entrega da declara\u00e7\u00e3o do Imposto de Renda 2020 termina dia 30 de junho. E voc\u00ea sabia que \u00e9 poss\u00edvel investir uma parte do seu imposto de renda para ajudar projetos sociais que atendem crian\u00e7as, adolescentes e idosos?<\/p>\n\n\n\n<p>A Campanha Destina\u00e7\u00e3o visa divulgar aos contribuintes Pessoa F\u00edsica e Pessoa Jur\u00eddica a possibilidade de destinar uma parte do seu Imposto de Renda aos Fundos Especiais de amparo social controlados pelos Conselhos e fiscalizados pelo Minist\u00e9rio P\u00fablico.<\/p>\n\n\n\n<p>Com essa destina\u00e7\u00e3o, a pessoa f\u00edsica n\u00e3o pagar\u00e1 um valor maior de imposto nem ter\u00e1 o valor de sua restitui\u00e7\u00e3o diminu\u00eddo. J\u00e1 as pessoas jur\u00eddicas podem fazer a destina\u00e7\u00e3o de at\u00e9 1% do imposto devido, desde que sejam tributadas com base no lucro real e destinem no decorrer do ano-calend\u00e1rio.<\/p>\n\n\n\n<p>De acordo com a professora do curso de administra\u00e7\u00e3o da Unifacisa, Silvana Travassos, enquanto pessoa f\u00edsica, ao fazer a declara\u00e7\u00e3o de Imposto de Renda, poder\u00e1 destinar at\u00e9 3% do imposto devido para os seguintes fundos: Fundos dos Direitos da Crian\u00e7a e do Adolescente e o Fundos do Idoso.<\/p>\n\n\n\n<p>\u201cEsses fundos t\u00eam como objetivo financiar projetos referentes \u00e0 garantia da promo\u00e7\u00e3o, prote\u00e7\u00e3o e defesa dos direitos da crian\u00e7a e do adolescente e viabilizar a garantia de direitos da pessoa idosa\u201d, destacou.<\/p>\n\n\n\n<p>Segundo ela, pode fazer a destina\u00e7\u00e3o as pessoas f\u00edsicas que apresentem a Declara\u00e7\u00e3o de Imposto de Renda (DIRPF) no formul\u00e1rio completo, que apurem imposto a pagar ou tenham direito \u00e0 restitui\u00e7\u00e3o.<\/p>\n\n\n\n<p>A pessoa jur\u00eddica n\u00e3o pagar\u00e1 um valor maior de imposto de renda, apenas possibilitar\u00e1 que parte do imposto devido seja destinada diretamente aos fundos que atuem em projetos de transforma\u00e7\u00e3o.<\/p>\n\n\n\n<p>Somente poder\u00e3o fazer destina\u00e7\u00f5es de parte do Imposto de Renda para os Fundos dos Direitos da Crian\u00e7a e do Adolescente ou Fundos dos Direitos dos Idosos as pessoas jur\u00eddicas que s\u00e3o tributadas com base no lucro real.<\/p>\n\n\n\n<p>N\u00e3o poder\u00e3o utilizar esse incentivo fiscal as empresas tributadas com base no lucro presumido, no lucro arbitrado, e aquelas optantes pelo Simples Nacional.<\/p>\n\n\n\n<p>\u201c\u00c9 importante que a pessoa jur\u00eddica saiba que o valor destinado do imposto de renda n\u00e3o \u00e9 dedut\u00edvel como despesa operacional na determina\u00e7\u00e3o do lucro real nem da base de c\u00e1lculo da CSLL. Portanto, os valores contabilizados em conta de resultado devem ser adicionados ao lucro l\u00edquido, para fins de c\u00e1lculo do IRPJ e da CSLL. Os Fundos dos Direitos da Crian\u00e7a e do Adolescente e os Fundos do Idoso s\u00e3o compostos por recursos destinados ao atendimento dos programas e a\u00e7\u00f5es de prote\u00e7\u00e3o, defesa e garantia dessas pessoas, sujeitos \u00e0 fiscaliza\u00e7\u00e3o pelo Minist\u00e9rio P\u00fablico\u201d, finalizou.<\/p>\n","protected":false},"excerpt":{"rendered":"<p>O prazo para a entrega da declara\u00e7\u00e3o do Imposto de Renda 2020 termina dia 30 de junho. E voc\u00ea sabia que \u00e9 poss\u00edvel investir uma&hellip; <\/p>\n","protected":false},"author":2,"featured_media":172948,"comment_status":"closed","ping_status":"closed","sticky":false,"template":"","format":"standard","meta":{"sfsi_plus_gutenberg_text_before_share":"","sfsi_plus_gutenberg_show_text_before_share":"","sfsi_plus_gutenberg_icon_type":"","sfsi_plus_gutenberg_icon_alignemt":"","sfsi_plus_gutenburg_max_per_row":"","footnotes":""},"categories":[2],"tags":[],"class_list":["post-172947","post","type-post","status-publish","format-standard","has-post-thumbnail","hentry","category-geral"],"_links":{"self":[{"href":"https:\/\/www.caririemacao.com\/1\/wp-json\/wp\/v2\/posts\/172947","targetHints":{"allow":["GET"]}}],"collection":[{"href":"https:\/\/www.caririemacao.com\/1\/wp-json\/wp\/v2\/posts"}],"about":[{"href":"https:\/\/www.caririemacao.com\/1\/wp-json\/wp\/v2\/types\/post"}],"author":[{"embeddable":true,"href":"https:\/\/www.caririemacao.com\/1\/wp-json\/wp\/v2\/users\/2"}],"replies":[{"embeddable":true,"href":"https:\/\/www.caririemacao.com\/1\/wp-json\/wp\/v2\/comments?post=172947"}],"version-history":[{"count":1,"href":"https:\/\/www.caririemacao.com\/1\/wp-json\/wp\/v2\/posts\/172947\/revisions"}],"predecessor-version":[{"id":172949,"href":"https:\/\/www.caririemacao.com\/1\/wp-json\/wp\/v2\/posts\/172947\/revisions\/172949"}],"wp:featuredmedia":[{"embeddable":true,"href":"https:\/\/www.caririemacao.com\/1\/wp-json\/wp\/v2\/media\/172948"}],"wp:attachment":[{"href":"https:\/\/www.caririemacao.com\/1\/wp-json\/wp\/v2\/media?parent=172947"}],"wp:term":[{"taxonomy":"category","embeddable":true,"href":"https:\/\/www.caririemacao.com\/1\/wp-json\/wp\/v2\/categories?post=172947"},{"taxonomy":"post_tag","embeddable":true,"href":"https:\/\/www.caririemacao.com\/1\/wp-json\/wp\/v2\/tags?post=172947"}],"curies":[{"name":"wp","href":"https:\/\/api.w.org\/{rel}","templated":true}]}}