{"id":172951,"date":"2020-06-05T05:57:57","date_gmt":"2020-06-05T08:57:57","guid":{"rendered":"https:\/\/www.caririemacao.com\/1\/?p=172951"},"modified":"2020-06-05T05:57:57","modified_gmt":"2020-06-05T08:57:57","slug":"60-dos-municipios-paraibanos-nao-estao-alimentando-sistema-e-sus-afirma-secretario","status":"publish","type":"post","link":"https:\/\/www.caririemacao.com\/1\/2020\/06\/05\/60-dos-municipios-paraibanos-nao-estao-alimentando-sistema-e-sus-afirma-secretario\/","title":{"rendered":"60% dos munic\u00edpios paraibanos n\u00e3o est\u00e3o alimentando sistema e-SUS, afirma secret\u00e1rio"},"content":{"rendered":"\n<h1 class=\"wp-block-heading\"><\/h1>\n\n\n\n<p>O secret\u00e1rio de Sa\u00fade do Estado, Geraldo Medeiros, afirmou que o per\u00edodo de isolamento mais r\u00edgido est\u00e1 previsto para ir at\u00e9 o dia 14 de junho. Dois dias antes, haver\u00e1 uma reuni\u00e3o para avaliar o desempenho das cidades e a possibilidade de flexibiliza\u00e7\u00e3o em alguns setores.<\/p>\n\n\n\n<p>Ele explicou que a an\u00e1lise depende do \u00edndice de testagem dos munic\u00edpios e dos indicadores epidemiol\u00f3gicos.<\/p>\n\n\n\n<p>Segundo Geraldo, 60% das vigil\u00e2ncias de sa\u00fade dos munic\u00edpios paraibanos n\u00e3o est\u00e3o notificando e alimentando o sistema e-SUS.<\/p>\n\n\n\n<p>Ele afirmou que essa pr\u00e1tica \u00e9 muito preocupante, pois o Estado fica sem ter conhecimento da realidade dessas cidades em rela\u00e7\u00e3o ao novo Coronav\u00edrus.<\/p>\n\n\n\n<p>\u2013 N\u00f3s distribu\u00edmos os testes com todos os munic\u00edpios paraibanos. Todos disp\u00f5em de testes r\u00e1pidos, e muitos n\u00e3o est\u00e3o testando. Dependemos das vigil\u00e2ncias em sa\u00fade dos munic\u00edpios \u2013 ponderou.<\/p>\n\n\n\n<p>Geraldo ainda frisou, durante entrevista \u00e0 R\u00e1dio Caturit\u00e9 FM, que \u00e9 preciso ter muita cautela no processo de flexibiliza\u00e7\u00e3o para que n\u00e3o ocorra o que ocorreu no Chile, em Belo Horizonte ou Blumenau, por exemplo.<\/p>\n","protected":false},"excerpt":{"rendered":"<p>O secret\u00e1rio de Sa\u00fade do Estado, Geraldo Medeiros, afirmou que o per\u00edodo de isolamento mais r\u00edgido est\u00e1 previsto para ir at\u00e9 o dia 14 de&hellip; <\/p>\n","protected":false},"author":2,"featured_media":172952,"comment_status":"closed","ping_status":"closed","sticky":false,"template":"","format":"standard","meta":{"sfsi_plus_gutenberg_text_before_share":"","sfsi_plus_gutenberg_show_text_before_share":"","sfsi_plus_gutenberg_icon_type":"","sfsi_plus_gutenberg_icon_alignemt":"","sfsi_plus_gutenburg_max_per_row":"","footnotes":""},"categories":[2],"tags":[],"class_list":["post-172951","post","type-post","status-publish","format-standard","has-post-thumbnail","hentry","category-geral"],"_links":{"self":[{"href":"https:\/\/www.caririemacao.com\/1\/wp-json\/wp\/v2\/posts\/172951","targetHints":{"allow":["GET"]}}],"collection":[{"href":"https:\/\/www.caririemacao.com\/1\/wp-json\/wp\/v2\/posts"}],"about":[{"href":"https:\/\/www.caririemacao.com\/1\/wp-json\/wp\/v2\/types\/post"}],"author":[{"embeddable":true,"href":"https:\/\/www.caririemacao.com\/1\/wp-json\/wp\/v2\/users\/2"}],"replies":[{"embeddable":true,"href":"https:\/\/www.caririemacao.com\/1\/wp-json\/wp\/v2\/comments?post=172951"}],"version-history":[{"count":1,"href":"https:\/\/www.caririemacao.com\/1\/wp-json\/wp\/v2\/posts\/172951\/revisions"}],"predecessor-version":[{"id":172953,"href":"https:\/\/www.caririemacao.com\/1\/wp-json\/wp\/v2\/posts\/172951\/revisions\/172953"}],"wp:featuredmedia":[{"embeddable":true,"href":"https:\/\/www.caririemacao.com\/1\/wp-json\/wp\/v2\/media\/172952"}],"wp:attachment":[{"href":"https:\/\/www.caririemacao.com\/1\/wp-json\/wp\/v2\/media?parent=172951"}],"wp:term":[{"taxonomy":"category","embeddable":true,"href":"https:\/\/www.caririemacao.com\/1\/wp-json\/wp\/v2\/categories?post=172951"},{"taxonomy":"post_tag","embeddable":true,"href":"https:\/\/www.caririemacao.com\/1\/wp-json\/wp\/v2\/tags?post=172951"}],"curies":[{"name":"wp","href":"https:\/\/api.w.org\/{rel}","templated":true}]}}