{"id":172955,"date":"2020-06-05T06:12:17","date_gmt":"2020-06-05T09:12:17","guid":{"rendered":"https:\/\/www.caririemacao.com\/1\/?p=172955"},"modified":"2020-06-05T06:12:17","modified_gmt":"2020-06-05T09:12:17","slug":"paraiba-tem-media-de-900-casos-de-hiv-aids-detectados-por-ano","status":"publish","type":"post","link":"https:\/\/www.caririemacao.com\/1\/2020\/06\/05\/paraiba-tem-media-de-900-casos-de-hiv-aids-detectados-por-ano\/","title":{"rendered":"Para\u00edba tem m\u00e9dia de 900 casos de HIV\/Aids detectados por ano"},"content":{"rendered":"\n<h1 class=\"wp-block-heading\"><\/h1>\n\n\n\n<p>V\u00edrus silencioso, algumas vezes n\u00e3o detect\u00e1vel, mesmo depois de quase quatro d\u00e9cadas do surgimento dos primeiros casos, a pandemia da Aids continua a ser um dos grandes desafios para a sa\u00fade mundial. Aproximadamente 35 milh\u00f5es de pessoas vivem com HIV em todo o mundo.<\/p>\n\n\n\n<p>Na Para\u00edba, uma m\u00e9dia de 900 pessoas por ano \u00e9 detectada com o v\u00edrus. Nesta sexta-feira (5), data alusiva aos 39 anos da descoberta da Aids no mundo, a Secretaria de Estado da Sa\u00fade (SES) faz uma an\u00e1lise do cen\u00e1rio do agravo na Para\u00edba.<\/p>\n\n\n\n<p>Nessas quase quatro d\u00e9cadas, o que mudou? A gerente operacional de IST\/HIV\/Aids da SES, Ivoneide Lucena, explica que a percep\u00e7\u00e3o e o perfil da doen\u00e7a foram se modificando ao decorrer dos anos.<\/p>\n\n\n\n<p>No come\u00e7o, havia o estigma do grupo de risco e de que s\u00f3 uma determinada popula\u00e7\u00e3o poderia pegar a doen\u00e7a, al\u00e9m do preconceito com as pessoas vivendo com HIV\/Aids e da desinforma\u00e7\u00e3o.<\/p>\n\n\n\n<p>\u201cEmbora o preconceito ainda seja grande e focado na popula\u00e7\u00e3o gay, essa percep\u00e7\u00e3o est\u00e1 mudando. Hoje n\u00e3o falamos mais em popula\u00e7\u00e3o de risco e sim em situa\u00e7\u00e3o de risco. Ent\u00e3o qualquer pessoa que passou por uma situa\u00e7\u00e3o assim est\u00e1 sujeita a se contaminar com o HIV, seja ela heterossexual, mulher casada, beb\u00ea\u201d, afirma.<\/p>\n\n\n\n<p>Para barrar o preconceito, a gerente explica que, desde 2017, a SES oferta cursos na metodologia de Ensino \u00e0 Dist\u00e2ncia (EAD) para professores e alunos da Rede Estadual com v\u00e1rias tem\u00e1ticas e informa\u00e7\u00f5es voltadas ao HIV e Aids.<\/p>\n\n\n\n<p>Entre os temas est\u00e3o a educa\u00e7\u00e3o entre pais, as diversidades sexuais, a identidade de g\u00eanero, entre outros.<\/p>\n\n\n\n<p>\u201cEsses cursos servem para derrubar algumas barreiras. Sabemos que os professores n\u00e3o tiveram a oportunidade de estudar muitos desses temas durante a gradua\u00e7\u00e3o. J\u00e1 os alunos, \u00e9 importante discutir essa tem\u00e1tica para que eles possam dialogar com seus colegas, dentro e fora da sala de aula\u201d, explica.<\/p>\n\n\n\n<p>Sobre o cen\u00e1rio atual da Aids na Para\u00edba, muito se avan\u00e7ou, desde a disponibilidade de tratamento gratuito na Rede Estadual de Sa\u00fade, ao diagn\u00f3stico r\u00e1pido e prote\u00e7\u00e3o.<\/p>\n\n\n\n<p>Ivoneide Lucena pontua que, atualmente, os 223 munic\u00edpios da Para\u00edba disponibilizam o teste r\u00e1pido para a detec\u00e7\u00e3o do v\u00edrus nos postos de sa\u00fade e em 20 minutos \u00e9 poss\u00edvel receber esse resultado.<\/p>\n\n\n\n<p>Em casos positivados, o usu\u00e1rio \u00e9 encaminhado para os servi\u00e7os de refer\u00eancia da Para\u00edba, orientado a fazer exames laboratoriais e acompanhado por um infectologista. O tratamento \u00e9 ofertado pelo SUS e pacientes com HIV\/Aids t\u00eam acesso gratuito aos medicamentos antirretrovirais.<\/p>\n\n\n\n<p>Como medidas de prote\u00e7\u00e3o, os usu\u00e1rios t\u00eam a facilidade de acesso aos preservativos nas unidades b\u00e1sicas de sa\u00fade em todos os munic\u00edpios paraibanos, al\u00e9m da disponibiliza\u00e7\u00e3o de forma descentralizada das tecnologias para preven\u00e7\u00e3o e o tratamento que inclui o tratamento antirretroviral como medida de preven\u00e7\u00e3o; a Profilaxia P\u00f3s-Exposi\u00e7\u00e3o ao HIV (PEP), que \u00e9 o uso de medicamentos diante de uma situa\u00e7\u00e3o de risco; e a Profilaxia Pr\u00e9-Exposi\u00e7\u00e3o ao HIV (PREP), que consiste no uso di\u00e1rio de medicamento antirretroviral para evitar a infec\u00e7\u00e3o pelo v\u00edrus.<\/p>\n\n\n\n<p>\u201cOutro avan\u00e7o que estamos conseguindo \u00e9 a redu\u00e7\u00e3o da transmiss\u00e3o vertical do HIV, ou seja, transmiss\u00e3o da m\u00e3e infectada para o feto. N\u00e3o d\u00e1 mais, n\u00e3o se admite mais que uma crian\u00e7a, na hora do parto, possa ser exposta ao HIV, porque essa m\u00e3e no pr\u00e9-natal foi testada no terceiro, no s\u00e9timo m\u00eas e na hora do parto para que ela n\u00e3o venha a expor esse beb\u00ea ao HIV e n\u00e3o venha a amamentar essa crian\u00e7a\u201d, observa.<\/p>\n\n\n\n<p>Sobre o funcionamento dos servi\u00e7os durante a pandemia do coronav\u00edrus, Ivoneide explica que todos os centros de refer\u00eancia continuam atendendo, por\u00e9m em hor\u00e1rio reduzido. Ela refor\u00e7a que pacientes em tratamento n\u00e3o parem de tomar a medica\u00e7\u00e3o, pessoas que foram expostas a uma situa\u00e7\u00e3o de risco recorram aos servi\u00e7os de refer\u00eancia e que todos fa\u00e7am uso do preservativo como preven\u00e7\u00e3o.<\/p>\n\n\n\n<p>\u201cAssim como estamos usando a m\u00e1scara para proteger do coronav\u00edrus, usar camisinha \u00e9 fundamental para a preven\u00e7\u00e3o do HIV. A Aids tamb\u00e9m \u00e9 uma pandemia que est\u00e1 circulando h\u00e1 39 anos. Do mesmo jeito que existem pessoas que carregam o coronav\u00edrus e s\u00e3o assintom\u00e1ticas, existem os portadores do HIV que n\u00e3o sentem nada. Por isso a import\u00e2ncia da preven\u00e7\u00e3o\u201d, destaca.<\/p>\n\n\n\n<p>Dados \u2013 Na Para\u00edba, em 2019, a taxa de detec\u00e7\u00e3o de HIV\/Aids foi de 984 pessoas, sendo que 36,9% desenvolveram a doen\u00e7a. Somando os dados das ra\u00e7as pardas e negras, 70% dessa popula\u00e7\u00e3o foram detectadas com HIV\/Aids.<\/p>\n\n\n\n<p>Os dados de exposi\u00e7\u00e3o por categoria, 257 foram homossexuais e 374 heterossexuais. Por sexo, o cen\u00e1rio \u00e9 de que 756 homens e 228 mulheres foram detectados com HIV\/Aids.<\/p>\n\n\n\n<p>Se fizer um corte por idade, pessoas entre 30 e 39 anos apresentaram um maior n\u00famero de exposi\u00e7\u00e3o ao HIV, com 112 casos, seguido da faixa-et\u00e1ria de 20 a 29 anos, com 107 pessoas, e 40 a 49 anos, com 73. Em 2019, foram detectados 12 casos de adolescentes positivadas para o HIV com 15 anos de idade.<\/p>\n\n\n\n<p>Para Ivoneide Lucena, esses dados mostram a import\u00e2ncia do teste r\u00e1pido e do diagn\u00f3stico precoce.<\/p>\n\n\n\n<p>\u201cCom a oferta do teste r\u00e1pido, estamos conseguindo diagnosticar mais pessoas com HIV do que com Aids, e \u00e9 isso que a gente quer, mais pessoas ainda sem nenhuma infec\u00e7\u00e3o oportunista, sem nenhuma doen\u00e7a e sim pessoas muitas vezes assintom\u00e1ticas, para come\u00e7ar o tratamento e reduzir a carga viral dessa pessoa, tornando o v\u00edrus indetect\u00e1vel\u201d, completa.<\/p>\n","protected":false},"excerpt":{"rendered":"<p>V\u00edrus silencioso, algumas vezes n\u00e3o detect\u00e1vel, mesmo depois de quase quatro d\u00e9cadas do surgimento dos primeiros casos, a pandemia da Aids continua a ser um&hellip; <\/p>\n","protected":false},"author":2,"featured_media":172956,"comment_status":"closed","ping_status":"closed","sticky":false,"template":"","format":"standard","meta":{"sfsi_plus_gutenberg_text_before_share":"","sfsi_plus_gutenberg_show_text_before_share":"","sfsi_plus_gutenberg_icon_type":"","sfsi_plus_gutenberg_icon_alignemt":"","sfsi_plus_gutenburg_max_per_row":"","footnotes":""},"categories":[2],"tags":[],"class_list":["post-172955","post","type-post","status-publish","format-standard","has-post-thumbnail","hentry","category-geral"],"_links":{"self":[{"href":"https:\/\/www.caririemacao.com\/1\/wp-json\/wp\/v2\/posts\/172955","targetHints":{"allow":["GET"]}}],"collection":[{"href":"https:\/\/www.caririemacao.com\/1\/wp-json\/wp\/v2\/posts"}],"about":[{"href":"https:\/\/www.caririemacao.com\/1\/wp-json\/wp\/v2\/types\/post"}],"author":[{"embeddable":true,"href":"https:\/\/www.caririemacao.com\/1\/wp-json\/wp\/v2\/users\/2"}],"replies":[{"embeddable":true,"href":"https:\/\/www.caririemacao.com\/1\/wp-json\/wp\/v2\/comments?post=172955"}],"version-history":[{"count":1,"href":"https:\/\/www.caririemacao.com\/1\/wp-json\/wp\/v2\/posts\/172955\/revisions"}],"predecessor-version":[{"id":172957,"href":"https:\/\/www.caririemacao.com\/1\/wp-json\/wp\/v2\/posts\/172955\/revisions\/172957"}],"wp:featuredmedia":[{"embeddable":true,"href":"https:\/\/www.caririemacao.com\/1\/wp-json\/wp\/v2\/media\/172956"}],"wp:attachment":[{"href":"https:\/\/www.caririemacao.com\/1\/wp-json\/wp\/v2\/media?parent=172955"}],"wp:term":[{"taxonomy":"category","embeddable":true,"href":"https:\/\/www.caririemacao.com\/1\/wp-json\/wp\/v2\/categories?post=172955"},{"taxonomy":"post_tag","embeddable":true,"href":"https:\/\/www.caririemacao.com\/1\/wp-json\/wp\/v2\/tags?post=172955"}],"curies":[{"name":"wp","href":"https:\/\/api.w.org\/{rel}","templated":true}]}}