{"id":172959,"date":"2020-06-05T06:15:33","date_gmt":"2020-06-05T09:15:33","guid":{"rendered":"https:\/\/www.caririemacao.com\/1\/?p=172959"},"modified":"2020-06-05T08:40:05","modified_gmt":"2020-06-05T11:40:05","slug":"paraiba-registra-1-561-novos-casos-de-covid-19-nesta-quinta-feira-estado-confirma-438-mortes-e-total-de-infectados-chega-a-17-579","status":"publish","type":"post","link":"https:\/\/www.caririemacao.com\/1\/2020\/06\/05\/paraiba-registra-1-561-novos-casos-de-covid-19-nesta-quinta-feira-estado-confirma-438-mortes-e-total-de-infectados-chega-a-17-579\/","title":{"rendered":"Para\u00edba registra 1.561 novos casos de covid-19 e Estado confirma 438 mortes e total de infectados chega a 17.579"},"content":{"rendered":"\n<h1 class=\"wp-block-heading\"><\/h1>\n\n\n\n<p>A Para\u00edba registrou at\u00e9 a tarde desta quinta-feira (4) um total de 17.579 infectados com a covid-19. Os n\u00fameros divulgados tamb\u00e9m incluem o total de 17.516 casos descartados, 438 mortes confirmadas e 3.633 casos de pessoas recuperadas. S\u00e3o 1.561 novos casos de Covid-19 e 24 mortes confirmadas desde a&nbsp;<a href=\"https:\/\/www.clickpb.com.br\/saude\/paraiba-registra-1159-novos-casos-de-covid-19-nesta-quarta-feira-estado-confirma-414-mortes-e-total-de-infectados-chega-16018-285191.html\">\u00faltima atualiza\u00e7\u00e3o<\/a>.<\/p>\n\n\n\n<ul class=\"wp-block-list\"><li>Casos Confirmados: 17.579<\/li><li>Casos Descartados: 17.516<\/li><li>\u00d3bitos confirmados: 438<\/li><li>Casos recuperados: 3.633<\/li><li>Total de munic\u00edpios: 203<\/li><\/ul>\n\n\n\n<p>Nesta quinta, 04 de junho, a Para\u00edba registra 1.561&nbsp; novos casos de Covid-19 e 24 \u00f3bitos confirmados desde a ultima atualiza\u00e7\u00e3o, 7 deles ocorridos nas \u00faltimas 24h. S\u00e3o 17.579 paraibanos que j\u00e1 contra\u00edram a doen\u00e7a, 3.633 pessoas que j\u00e1 se recuperaram e 438, infelizmente, faleceram. 56.796 testes para diagnosticar covid-19 j\u00e1 foram realizados, entre testes r\u00e1pidos e PCR.<\/p>\n\n\n\n<p>A ocupa\u00e7\u00e3o de leitos de UTI em todo o estado \u00e9 de 66%. Se fizermos um recorte apenas dos leitos de UTI para adultos na Regi\u00e3o Metropolitana de Jo\u00e3o Pessoa, 81% est\u00e3o ocupados. Em Campina Grande, est\u00e3o ocupados 67% de leitos de UTI adulto e no sert\u00e3o, 54%. No sert\u00e3o, a taxa de ocupa\u00e7\u00e3o das UTIs para adultos \u00e9 de 59% I \u00edndice de Isolamento Social foi de 42%, mesmo com as medidas de isolamento r\u00edgido na regi\u00e3o metropolitana de Jo\u00e3o Pessoa.<\/p>\n\n\n\n<p>Os casos confirmados est\u00e3o em 203 dos 223 munic\u00edpios paraibanos:<\/p>\n\n\n\n<p>\u00c1gua Branca (4); Aguiar (1); Alagoa Grande (89); Alagoa Nova (50); Alagoinha (132); Alcantil (4) Alhandra (172); Amparo (12); Aparecida (8); Ara\u00e7agi (45); Arara (21); Araruna (4); Areia (66); Areia de Bara\u00fanas (1); Areial (13); Aroeiras (32); Assun\u00e7\u00e3o (18); Baia da Trai\u00e7\u00e3o (64); Bananeiras (36); Bara\u00fana (42); Barra de Santa Rosa (10); Barra de Santana (19); Barra de S\u00e3o Miguel (3); Bayeux (416); Bel\u00e9m (60); Bel\u00e9m do Brejo do Cruz (2); Bernardino Batista (1); Boa Ventura (1);&nbsp; Boa Vista (35); Bom Jesus (1); Bonito de Santa F\u00e9 (1); Boqueir\u00e3o (33); Borborema (2);&nbsp; Brejo do Cruz (8); Caapor\u00e3 (431); Cabaceiras (1); Cabedelo (1003); Cachoeira dos \u00cdndios (9); Cacimba de Areia (5); Cacimba de Dentro (29); Cacimbas (5); Cai\u00e7ara (28); Cajazeiras (126); Cajazeirinhas (1); Caldas Brand\u00e3o (18); Campina Grande (2006); Capim (44);&nbsp; Cara\u00fabas (1); Carrapateira (1); Casserengue (19); Catingueira (5), Catol\u00e9 do Rocha (60); Caturit\u00e9 (16); Concei\u00e7\u00e3o (7);&nbsp; Condado (43);&nbsp; Conde (114); Congo (11); Coremas (17); Coxixola (7); Cruz do Esp\u00edrito Santo (128); Cubati (3); Cuit\u00e9 (10);&nbsp; Cuit\u00e9 de Mamanguape (10); Cuiteg\u00ed (54); Curral de Cima (10); Curral Velho (1), Dami\u00e3o (2); Desterro (11);Diamente (1);&nbsp; Dona In\u00eas (3); Duas Estradas (28); Emas (1); Esperan\u00e7a (69); Fagundes (9); Gado Bravo (35);&nbsp; Guarabira (782); Gurinh\u00e9m (55); Gurj\u00e3o (15); Ibiara (5); Igaracy (2); Imaculada (8); Ing\u00e1 (92); Itabaiana (248); Itaporanga (3); Itapororoca (40); Itatuba (55); Jacara\u00fa (16); Jeric\u00f3 (2);&nbsp; Jo\u00e3o Pessoa (5319); Joca Claudino (1); Juarez T\u00e1vora (37); Juazeirinho (55);&nbsp; Junco do Serid\u00f3 (12); Juripiranga (136); Juru (5); Lagoa (3); Lagoa de Dentro (9); Lagoa Seca (131); Lastro (1); Logradouro (11); Lucena (85); M\u00e3e d&#8217;\u00c1gua (3); Malta (15); Mamanguape (208); Mana\u00edra (2); Marca\u00e7\u00e3o (8);&nbsp; Mari (137); Mariz\u00f3polis (4); Massaranduba (32); Mataraca (30); Matinhas (18); Mato Grosso (7); Matureia (11); Mogeiro (9);&nbsp; Montadas (12); Monteiro (32); Mulungu (37); Natuba (9); Nazarezinho (1); Nova Floresta (4), Nova Olinda (2); Nova Palmeira (3); Olho D\u00b4\u00c1gua (17); Olivedos (5);&nbsp; Ouro Velho (1); Passagem (13); Patos (687); Paulista (19); Pedra Lavrada (1); Pedras de Fogo (309); Pedro R\u00e9gis (1); Pianc\u00f3 (19); Picu\u00ed (26); Pilar (47); Pil\u00f5es (14); Pil\u00f5ezinhos (68); Pirpirituba (23); Pitimbu (128); Pocinhos (10);&nbsp; Pombal (73); Prata (1); Princesa Isabel (14); Puxinan\u00e3 (50);&nbsp; Queimadas (108); Quixaba (6); Rem\u00edgio (49); Riach\u00e3o (1); Riach\u00e3o do Bacamarte (112);&nbsp; Riach\u00e3o do Po\u00e7o (6); Riacho de Santo Ant\u00f4nio (5); Riacho dos Cavalos (2); Rio Tinto (89); Salgadinho (5); Salgado de S\u00e3o Felix (36); Santa Cec\u00edlia (5); Santa Helena (2); Santa In\u00eas (1);&nbsp; Santa Luzia (72); Santa Rita (705); Santa Terezinha (17); Santana dos Garrotes (2); Santo Andr\u00e9 (1); S\u00e3o Bentinho (10); S\u00e3o Bento (173); S\u00e3o Francisco (4);&nbsp; S\u00e3o Jo\u00e3o do Cariri (10); S\u00e3o Jo\u00e3o do Rio do Peixe (13); S\u00e3o Jo\u00e3o do Tigre (1); S\u00e3o Jos\u00e9 da Lagoa Tapada (15); S\u00e3o Jos\u00e9 de Caiana (15); S\u00e3o Jos\u00e9 de Espinharas (3); S\u00e3o Jos\u00e9 de Piranhas (8); S\u00e3o Jos\u00e9 do Bonfim (15); S\u00e3o Jos\u00e9 do Sabugi (68); S\u00e3o Jos\u00e9 dos Cordeiros (3); S\u00e3o Jos\u00e9 dos Ramos (17); S\u00e3o Mamede (16); S\u00e3o Miguel de Taipu (29); S\u00e3o Sebasti\u00e3o de Lagoa de Ro\u00e7a (27); S\u00e3o Sebasti\u00e3o do Umbuzeiro (4); S\u00e3o Vicente do Serid\u00f3 (17); Sap\u00e9 (274); Serra Branca (3); Serra da Ra\u00edz (11); Serra Grande (1); Serra Redonda (53); Serraria (14); Sert\u00e3ozinho (17); Sobrado (26); Sol\u00e2nea (82); Soledade (13); Sousa (241); Sum\u00e9 (36); Tacima (16); Tapero\u00e1 (35); Tavares (8); Teixeira (25); Ten\u00f3rio (1); Uira\u00fana (4); Umbuzeiro (16); V\u00e1rzea (1); Vieir\u00f3polis (3); Vista Serrana (1).<\/p>\n\n\n\n<p>*Dados Oficiais preliminares (fonte e-sus VE e SIVEP) extra\u00eddos \u00e0s 10h do dia 04\/06 sujeitos a revis\u00e3o.<\/p>\n\n\n\n<p>24 \u00f3bitos foram confirmados, 07 deles ocorreram nas ultimas 24h<\/p>\n\n\n\n<p>Homem, 47 anos, residente em Alagoa Nova. Hipertenso, obeso e sequelado de AVC. In\u00edcio dos sintomas, em 19\/05. interno em hospital p\u00fablico, veio a \u00f3bito no dia 30\/05.<\/p>\n\n\n\n<p>Mulher, 42 anos, residente em Areial. Portadora de diabetes e doen\u00e7a respirat\u00f3ria. In\u00edcio dos sintomas 04\/05, interna em hospital p\u00fablico, veio a \u00f3bito no dia 13\/05.<\/p>\n\n\n\n<p>Homem, 56 anos, residente em Cabedelo.&nbsp; Portador de doen\u00e7a hep\u00e1tica. In\u00edcio dos sintomas, em 01\/05. interno em hospital p\u00fablico, veio a \u00f3bito no dia 03\/06.<\/p>\n\n\n\n<p>Mulher, 96 anos, residente em Campina Grande. Cardiopata. In\u00edcio dos sintomas, em 19\/05. interna em hospital p\u00fablico, veio a \u00f3bito no dia 26\/05.<\/p>\n\n\n\n<p>Mulher, 77 anos, residente em Campina Grande. Cardiopata. In\u00edcio dos sintomas, em 02\/05. interna em hospital p\u00fablico, veio a \u00f3bito no dia 05\/05.<\/p>\n\n\n\n<p>Homem, 74 anos, residente em Campina Grande. Cardiopata. In\u00edcio dos sintomas, em 04\/05. interno em hospital p\u00fablico, veio a \u00f3bito no dia 09\/05.<\/p>\n\n\n\n<p>Homem, 63 anos, residente em Campina Grande. Nenhuma comorbidade informada. In\u00edcio dos sintomas, em 02\/05. interno em hospital p\u00fablico, veio a \u00f3bito no dia 12\/05.<\/p>\n\n\n\n<p>Homem, 68 anos, residente em Campina Grande. Nenhuma comorbidade informada. In\u00edcio dos sintomas, em 01\/05. interno em hospital p\u00fablico, veio a \u00f3bito no dia 12\/05.<\/p>\n\n\n\n<p>Homem, 69 anos, residente em Campina Grande. Diab\u00e9tico. In\u00edcio dos sintomas, em 04\/05. interno em hospital p\u00fablico, veio a \u00f3bito no dia 30\/05.<\/p>\n\n\n\n<p>Homem, 22 anos, residente em Campina Grande. Portador de doen\u00e7a respirat\u00f3ria. In\u00edcio dos sintomas, em 07\/05. interno em hospital p\u00fablico, veio a \u00f3bito no dia 26\/05.<\/p>\n\n\n\n<p>Homem, 76 anos, residente em Campina Grande. Cardiopata e hipertenso. In\u00edcio dos sintomas, em 15\/05. interno em hospital p\u00fablico, veio a \u00f3bito no dia 19\/05.<\/p>\n\n\n\n<p>Homem, 67 anos, residente em Campina Grande. Hipertenso. In\u00edcio dos sintomas, em 19\/04. interno em hospital p\u00fablico, veio a \u00f3bito no dia 24\/05.<\/p>\n\n\n\n<p>Mulher, 83 anos, residente em Campina Grande. Hipertensa. In\u00edcio dos sintomas, em 30\/04. interna em hospital p\u00fablico, veio a \u00f3bito no dia 25\/05.<\/p>\n\n\n\n<p>Homem, 43 anos, residente em Campina Grande. Sem comorbidade. In\u00edcio dos sintomas, em 13\/05. interno em hospital p\u00fablico, veio a \u00f3bito no dia 25\/05.<\/p>\n\n\n\n<p>Homem, 65 anos, residente em Campina Grande. Diab\u00e9tico, cardiopata. In\u00edcio dos sintomas, em 03\/05. interno em hospital p\u00fablico, veio a \u00f3bito no dia 13\/05.<\/p>\n\n\n\n<p>Homem, 45 anos, residente em Cuit\u00e9. Nenhuma comorbidade informada. In\u00edcio dos sintomas, em 12\/05. interno em hospital p\u00fablico, veio a \u00f3bito no dia 03\/06.<\/p>\n\n\n\n<p>Homem, 84 anos, residente em Jo\u00e3o Pessoa. Sem comorbidade. In\u00edcio dos sintomas, em 15\/05. interno em hospital p\u00fablico, veio a \u00f3bito no dia 03\/06.<\/p>\n\n\n\n<p>Mulher, 65 anos, residente em Jo\u00e3o Pessoa. Sem comorbidade. In\u00edcio dos sintomas, em 30\/05. interna em hospital p\u00fablico, veio a \u00f3bito no dia 03\/06.<\/p>\n\n\n\n<p>Homem, 73 anos, residente em Jo\u00e3o Pessoa. Cardiopata. In\u00edcio dos sintomas, em 15\/05. interno em hospital p\u00fablico, veio a \u00f3bito no dia 02\/06.<\/p>\n\n\n\n<p>Homem, 69 anos, residente em Jo\u00e3o Pessoa. Sem Comorbidade. In\u00edcio dos sintomas, em 12\/05. interno em hospital p\u00fablico, veio a \u00f3bito no dia 03\/06.<\/p>\n\n\n\n<p>Homem, 73 anos, residente em Mataraca. Diab\u00e9tico e cardiopata. In\u00edcio dos sintomas, em 24\/05. interno em hospital p\u00fablico, veio a \u00f3bito no dia 03\/06.<\/p>\n\n\n\n<p>Mulher, 86 anos, residente em Santa Luzia. Diab\u00e9tica e Hipertensa. In\u00edcio dos sintomas, em 14\/05. interna em hospital p\u00fablico, veio a \u00f3bito no dia 04\/06.<\/p>\n\n\n\n<p>Homem, 69 anos, residente em Santa Rita. Diab\u00e9tico e hipertenso. In\u00edcio dos sintomas, em 26\/05. interno em hospital p\u00fablico, veio a \u00f3bito no dia 28\/05.<\/p>\n\n\n\n<p>Homem, 83 anos, residente em Santa Rita. Diab\u00e9tico. In\u00edcio dos sintomas, em 06\/05. interno em hospital p\u00fablico, veio a \u00f3bito no dia 15\/05.<\/p>\n","protected":false},"excerpt":{"rendered":"<p>A Para\u00edba registrou at\u00e9 a tarde desta quinta-feira (4) um total de 17.579 infectados com a covid-19. Os n\u00fameros divulgados tamb\u00e9m incluem o total de&hellip; <\/p>\n","protected":false},"author":2,"featured_media":172960,"comment_status":"closed","ping_status":"closed","sticky":false,"template":"","format":"standard","meta":{"sfsi_plus_gutenberg_text_before_share":"","sfsi_plus_gutenberg_show_text_before_share":"","sfsi_plus_gutenberg_icon_type":"","sfsi_plus_gutenberg_icon_alignemt":"","sfsi_plus_gutenburg_max_per_row":"","footnotes":""},"categories":[2],"tags":[],"class_list":["post-172959","post","type-post","status-publish","format-standard","has-post-thumbnail","hentry","category-geral"],"_links":{"self":[{"href":"https:\/\/www.caririemacao.com\/1\/wp-json\/wp\/v2\/posts\/172959","targetHints":{"allow":["GET"]}}],"collection":[{"href":"https:\/\/www.caririemacao.com\/1\/wp-json\/wp\/v2\/posts"}],"about":[{"href":"https:\/\/www.caririemacao.com\/1\/wp-json\/wp\/v2\/types\/post"}],"author":[{"embeddable":true,"href":"https:\/\/www.caririemacao.com\/1\/wp-json\/wp\/v2\/users\/2"}],"replies":[{"embeddable":true,"href":"https:\/\/www.caririemacao.com\/1\/wp-json\/wp\/v2\/comments?post=172959"}],"version-history":[{"count":3,"href":"https:\/\/www.caririemacao.com\/1\/wp-json\/wp\/v2\/posts\/172959\/revisions"}],"predecessor-version":[{"id":173034,"href":"https:\/\/www.caririemacao.com\/1\/wp-json\/wp\/v2\/posts\/172959\/revisions\/173034"}],"wp:featuredmedia":[{"embeddable":true,"href":"https:\/\/www.caririemacao.com\/1\/wp-json\/wp\/v2\/media\/172960"}],"wp:attachment":[{"href":"https:\/\/www.caririemacao.com\/1\/wp-json\/wp\/v2\/media?parent=172959"}],"wp:term":[{"taxonomy":"category","embeddable":true,"href":"https:\/\/www.caririemacao.com\/1\/wp-json\/wp\/v2\/categories?post=172959"},{"taxonomy":"post_tag","embeddable":true,"href":"https:\/\/www.caririemacao.com\/1\/wp-json\/wp\/v2\/tags?post=172959"}],"curies":[{"name":"wp","href":"https:\/\/api.w.org\/{rel}","templated":true}]}}