{"id":172963,"date":"2020-06-05T06:20:06","date_gmt":"2020-06-05T09:20:06","guid":{"rendered":"https:\/\/www.caririemacao.com\/1\/?p=172963"},"modified":"2020-06-05T06:20:06","modified_gmt":"2020-06-05T09:20:06","slug":"ricardo-coutinho-e-alvo-de-quinta-denuncia-na-operacao-calvario-acusado-de-fraudes-em-contratos-do-hospital-de-trauma-de-joao-pessoa","status":"publish","type":"post","link":"https:\/\/www.caririemacao.com\/1\/2020\/06\/05\/ricardo-coutinho-e-alvo-de-quinta-denuncia-na-operacao-calvario-acusado-de-fraudes-em-contratos-do-hospital-de-trauma-de-joao-pessoa\/","title":{"rendered":"Ricardo Coutinho \u00e9 alvo de quinta den\u00fancia na Opera\u00e7\u00e3o Calv\u00e1rio, acusado de fraudes em contratos do Hospital de Trauma de Jo\u00e3o Pessoa"},"content":{"rendered":"\n<h1 class=\"wp-block-heading\"><\/h1>\n\n\n\n<p>O Grupo de Atua\u00e7\u00e3o Especial contra o Crime Organizado (Gaeco), do Minist\u00e9rio P\u00fablico da Para\u00edba, ofereceu, nesta quinta-feira (4), a quinta den\u00fancia contra o ex-governador Ricardo Coutinho, no \u00e2mbito da Opera\u00e7\u00e3o Calv\u00e1rio. Ele e mais 12 pessoas s\u00e3o acusadas de praticar fraudes em contratos da Cruz Vermelha com o Hospital de Trauma de Jo\u00e3o Pessoa.<\/p>\n\n\n\n<p>Ricardo Coutinho \u00e9 apontado como l\u00edder de uma organiza\u00e7\u00e3o criminosa que teria agido entre 2011 e 2018. Ele foi denunciado juntamente com Daniel Gomes da Silva (Cruz Vermelha), os ex-secret\u00e1rios Liv\u00e2nia Farias e Waldson de Souza, al\u00e9m de Jovino Machado da N\u00f3brega, Ney Suassuna, Aracilba Rocha, Fabr\u00edcio Suassuna, Otto Hinrichsen J\u00fanior, Edmon Gomes da Silva, Saulo de Avelar Esteves, o ex-procurador Gilberto Carneiro da Gama e Sidney da Silva Shmid.<\/p>\n\n\n\n<p>De acordo com a den\u00fancia assinada pelos membros do Gaeco, as investiga\u00e7\u00f5es revelaram &#8220;os bastidores da criminosa contrata\u00e7\u00e3o da CRUZ VERMELHA DO BRASIL &#8211; FILIAL DO RIO GRANDE DO SUL (CVB\/RS) para gerir o Hospital de Emerg\u00eancia e Trauma Senador Humberto Lucena \u2013 HETSHL, no ano de 2011.&#8221;<\/p>\n\n\n\n<p>Ainda segundo o \u00f3rg\u00e3o interno do MPPB, &#8220;segundo constatado, o in\u00e9dito modelo de gest\u00e3o p\u00fablica no Estado da Para\u00edba somente foi concretizado ap\u00f3s pr\u00e9vio pagamento de propina e fraude ao processo de dispensa de licita\u00e7\u00e3o n\u00b0 27\/2011, atos necessariamente precedentes ao CONTRATO DE GEST\u00c3O N\u00b0 01\/2011, que marcaria o in\u00edcio de um modelo de governan\u00e7a regado \u00e0 corrup\u00e7\u00e3o, tingido pelo desvio de recursos p\u00fablicos em prol de agentes pol\u00edticos degenerados de valores probos, em quantia superior a R$ 20.000.000,00 (vinte milh\u00f5es de reais), ao longo dos anos de 2011 e 2019, per\u00edodo em que a CVB\/RS esteve administrando o HETSHL.<\/p>\n\n\n\n<figure class=\"wp-block-image\"><img decoding=\"async\" data-src=\"https:\/\/www.clickpb.com.br\/media\/filer_public\/5c\/70\/5c703a73-d570-4947-a945-956e9a0a52ae\/ricardo_coutinho_e_alvo_de_quinta_denuncia_na_operacao_calvario_acusado_de_fraudes_em_contratos_do_hospital_de_trauma_de_joao_pessoa.jpg\" alt=\"\" src=\"data:image\/svg+xml;base64,PHN2ZyB3aWR0aD0iMSIgaGVpZ2h0PSIxIiB4bWxucz0iaHR0cDovL3d3dy53My5vcmcvMjAwMC9zdmciPjwvc3ZnPg==\" class=\"lazyload\" \/><\/figure>\n\n\n\n<p>A den\u00fancia aponta que Daniel Gomes e Ricardo Coutinho se conheceram quando o ex-governador era candidato em 2010. No documento, s\u00e3o relatados encontros para o pagamento de propina, com participa\u00e7\u00e3o de auxiliares do Governo do Estado, como Liv\u00e2nia Farias e Aracilba Rocha, al\u00e9m da participa\u00e7\u00e3o de Fabr\u00edcio Suassuna, filho de Ney Suassuna, que investiu na campanha de Ricardo Coutinho, de acordo com o relato dessa den\u00fancia.<\/p>\n\n\n\n<p>A den\u00fancia foi protocolada nesta quinta-feira pelos promotores de Justi\u00e7a Oct\u00e1vio Paulo Neto, coordenador do Gaeco, e Eduardo de Freitas Torres, membro da For\u00e7a Tarefa.<\/p>\n\n\n\n<figure class=\"wp-block-image\"><img decoding=\"async\" data-src=\"https:\/\/www.clickpb.com.br\/media\/filer_public\/0d\/fd\/0dfd81d7-ca06-456a-b653-90ea508f9de7\/mp-operacao_calvario.jpeg\" alt=\"\" src=\"data:image\/svg+xml;base64,PHN2ZyB3aWR0aD0iMSIgaGVpZ2h0PSIxIiB4bWxucz0iaHR0cDovL3d3dy53My5vcmcvMjAwMC9zdmciPjwvc3ZnPg==\" class=\"lazyload\" \/><\/figure>\n","protected":false},"excerpt":{"rendered":"<p>O Grupo de Atua\u00e7\u00e3o Especial contra o Crime Organizado (Gaeco), do Minist\u00e9rio P\u00fablico da Para\u00edba, ofereceu, nesta quinta-feira (4), a quinta den\u00fancia contra o ex-governador&hellip; <\/p>\n","protected":false},"author":2,"featured_media":172964,"comment_status":"closed","ping_status":"closed","sticky":false,"template":"","format":"standard","meta":{"sfsi_plus_gutenberg_text_before_share":"","sfsi_plus_gutenberg_show_text_before_share":"","sfsi_plus_gutenberg_icon_type":"","sfsi_plus_gutenberg_icon_alignemt":"","sfsi_plus_gutenburg_max_per_row":"","footnotes":""},"categories":[2],"tags":[],"class_list":["post-172963","post","type-post","status-publish","format-standard","has-post-thumbnail","hentry","category-geral"],"_links":{"self":[{"href":"https:\/\/www.caririemacao.com\/1\/wp-json\/wp\/v2\/posts\/172963","targetHints":{"allow":["GET"]}}],"collection":[{"href":"https:\/\/www.caririemacao.com\/1\/wp-json\/wp\/v2\/posts"}],"about":[{"href":"https:\/\/www.caririemacao.com\/1\/wp-json\/wp\/v2\/types\/post"}],"author":[{"embeddable":true,"href":"https:\/\/www.caririemacao.com\/1\/wp-json\/wp\/v2\/users\/2"}],"replies":[{"embeddable":true,"href":"https:\/\/www.caririemacao.com\/1\/wp-json\/wp\/v2\/comments?post=172963"}],"version-history":[{"count":1,"href":"https:\/\/www.caririemacao.com\/1\/wp-json\/wp\/v2\/posts\/172963\/revisions"}],"predecessor-version":[{"id":172965,"href":"https:\/\/www.caririemacao.com\/1\/wp-json\/wp\/v2\/posts\/172963\/revisions\/172965"}],"wp:featuredmedia":[{"embeddable":true,"href":"https:\/\/www.caririemacao.com\/1\/wp-json\/wp\/v2\/media\/172964"}],"wp:attachment":[{"href":"https:\/\/www.caririemacao.com\/1\/wp-json\/wp\/v2\/media?parent=172963"}],"wp:term":[{"taxonomy":"category","embeddable":true,"href":"https:\/\/www.caririemacao.com\/1\/wp-json\/wp\/v2\/categories?post=172963"},{"taxonomy":"post_tag","embeddable":true,"href":"https:\/\/www.caririemacao.com\/1\/wp-json\/wp\/v2\/tags?post=172963"}],"curies":[{"name":"wp","href":"https:\/\/api.w.org\/{rel}","templated":true}]}}