{"id":172967,"date":"2020-06-05T06:24:50","date_gmt":"2020-06-05T09:24:50","guid":{"rendered":"https:\/\/www.caririemacao.com\/1\/?p=172967"},"modified":"2020-06-05T06:24:50","modified_gmt":"2020-06-05T09:24:50","slug":"senado-aprova-projeto-que-obriga-uso-de-mascara-em-todos-os-locais-publicos-do-pais","status":"publish","type":"post","link":"https:\/\/www.caririemacao.com\/1\/2020\/06\/05\/senado-aprova-projeto-que-obriga-uso-de-mascara-em-todos-os-locais-publicos-do-pais\/","title":{"rendered":"Senado aprova projeto que obriga uso de m\u00e1scara em todos os locais p\u00fablicos do pa\u00eds"},"content":{"rendered":"\n<h1 class=\"wp-block-heading\"><\/h1>\n\n\n\n<p>O Senado aprovou nesta quinta-feira (4) o projeto que obriga uso de m\u00e1scara em todos os locais p\u00fablicos e privados acess\u00edveis ao p\u00fablico no pa\u00eds.<\/p>\n\n\n\n<p>O texto j\u00e1 foi aprovado pela C\u00e2mara dos Deputados, mas, como foi alterado pelos senadores, dever\u00e1 ser reanalisado pelos deputados.<\/p>\n\n\n\n<p>Diversos governos locais t\u00eam adotado o uso obrigat\u00f3rio de m\u00e1scara em locais p\u00fablicos. N\u00e3o h\u00e1, contudo, uma lei nacional sobre o tema. O uso \u00e9 recomendado pelas autoridades de sa\u00fade como uma das formas de se evitar a dissemina\u00e7\u00e3o do novo coronav\u00edrus.<\/p>\n\n\n\n<p>No Distrito Federal, por exemplo, est\u00e1 em vigor uma norma que prev\u00ea o uso obrigat\u00f3rio de m\u00e1scaras em espa\u00e7os p\u00fablicos. O cidad\u00e3o que descumpre o decreto est\u00e1 sujeito \u00e0 multa de R$ 2 mil e pode responder pelo crime de infra\u00e7\u00e3o de medida sanit\u00e1ria, cuja pena \u00e9 de at\u00e9 um ano de reclus\u00e3o.<\/p>\n\n\n\n<p><strong>Entenda o projeto<\/strong><\/p>\n\n\n\n<p>O projeto aprovado pelo Senado altera uma lei federal, deste ano, que detalha medidas de enfrentamento \u00e0 pandemia.<\/p>\n\n\n\n<p>De acordo com o texto, a popula\u00e7\u00e3o ter\u00e1 de usar o objeto nos seguintes espa\u00e7os:<\/p>\n\n\n\n<ul class=\"wp-block-list\"><li>ve\u00edculos de motoristas de aplicativos, t\u00e1xis;<\/li><li>\u00f4nibus, avi\u00f5es ou navios fretados, de uso coletivo;<\/li><li>estabelecimentos comerciais e industriais;<\/li><li>qualquer lugar fechado em que haja reuni\u00e3o de pessoas.<\/li><li>Quem descumprir a regra, ter\u00e1 de pagar multa. O valor dessa ser\u00e1 definido pelos estados. A multa poder\u00e1 ficar mais cara se o cidad\u00e3o cometeu a infra\u00e7\u00e3o pela segunda vez e em ambiente fechado.<\/li><\/ul>\n","protected":false},"excerpt":{"rendered":"<p>O Senado aprovou nesta quinta-feira (4) o projeto que obriga uso de m\u00e1scara em todos os locais p\u00fablicos e privados acess\u00edveis ao p\u00fablico no pa\u00eds.&hellip; <\/p>\n","protected":false},"author":2,"featured_media":172968,"comment_status":"closed","ping_status":"closed","sticky":false,"template":"","format":"standard","meta":{"sfsi_plus_gutenberg_text_before_share":"","sfsi_plus_gutenberg_show_text_before_share":"","sfsi_plus_gutenberg_icon_type":"","sfsi_plus_gutenberg_icon_alignemt":"","sfsi_plus_gutenburg_max_per_row":"","footnotes":""},"categories":[2],"tags":[],"class_list":["post-172967","post","type-post","status-publish","format-standard","has-post-thumbnail","hentry","category-geral"],"_links":{"self":[{"href":"https:\/\/www.caririemacao.com\/1\/wp-json\/wp\/v2\/posts\/172967","targetHints":{"allow":["GET"]}}],"collection":[{"href":"https:\/\/www.caririemacao.com\/1\/wp-json\/wp\/v2\/posts"}],"about":[{"href":"https:\/\/www.caririemacao.com\/1\/wp-json\/wp\/v2\/types\/post"}],"author":[{"embeddable":true,"href":"https:\/\/www.caririemacao.com\/1\/wp-json\/wp\/v2\/users\/2"}],"replies":[{"embeddable":true,"href":"https:\/\/www.caririemacao.com\/1\/wp-json\/wp\/v2\/comments?post=172967"}],"version-history":[{"count":1,"href":"https:\/\/www.caririemacao.com\/1\/wp-json\/wp\/v2\/posts\/172967\/revisions"}],"predecessor-version":[{"id":172969,"href":"https:\/\/www.caririemacao.com\/1\/wp-json\/wp\/v2\/posts\/172967\/revisions\/172969"}],"wp:featuredmedia":[{"embeddable":true,"href":"https:\/\/www.caririemacao.com\/1\/wp-json\/wp\/v2\/media\/172968"}],"wp:attachment":[{"href":"https:\/\/www.caririemacao.com\/1\/wp-json\/wp\/v2\/media?parent=172967"}],"wp:term":[{"taxonomy":"category","embeddable":true,"href":"https:\/\/www.caririemacao.com\/1\/wp-json\/wp\/v2\/categories?post=172967"},{"taxonomy":"post_tag","embeddable":true,"href":"https:\/\/www.caririemacao.com\/1\/wp-json\/wp\/v2\/tags?post=172967"}],"curies":[{"name":"wp","href":"https:\/\/api.w.org\/{rel}","templated":true}]}}