{"id":172975,"date":"2020-06-05T06:31:05","date_gmt":"2020-06-05T09:31:05","guid":{"rendered":"https:\/\/www.caririemacao.com\/1\/?p=172975"},"modified":"2020-06-05T06:31:05","modified_gmt":"2020-06-05T09:31:05","slug":"governo-federal-entrega-obras-de-pavimentacao-na-br-426-na-paraiba","status":"publish","type":"post","link":"https:\/\/www.caririemacao.com\/1\/2020\/06\/05\/governo-federal-entrega-obras-de-pavimentacao-na-br-426-na-paraiba\/","title":{"rendered":"Governo Federal entrega obras de pavimenta\u00e7\u00e3o na BR-426, na Para\u00edba"},"content":{"rendered":"\n<h1 class=\"wp-block-heading\"><\/h1>\n\n\n\n<p>O Governo Federal entregou nesta quarta-feira (3), uma obra de implanta\u00e7\u00e3o e pavimenta\u00e7\u00e3o dos 7,7 quil\u00f4metros remanescentes da BR-426, que liga as cidades de Santana dos Garrotes \u00e0 Nova Olinda, na Regi\u00e3o do Vale do Pianc\u00f3, na Para\u00edba. A pavimenta\u00e7\u00e3o beneficiar\u00e1 diretamente cerca de 50 mil habitantes (Pianc\u00f3, Santana dos Garrotes e Nova Olinda), e, indiretamente, mais de 90 mil.<\/p>\n\n\n\n<p>Iniciada em janeiro de 2019, a obra tamb\u00e9m garantir\u00e1 melhores condi\u00e7\u00f5es de mobilidade, seguran\u00e7a e conforto aos usu\u00e1rios da rodovia federal, bem como redu\u00e7\u00e3o nos custos e no tempo de deslocamentos.<\/p>\n\n\n\n<p>Para o ministro da Infraestrutura, Tarc\u00edsio Gomes de Freitas, a BR-426 tem grande impacto socioecon\u00f4mico na regi\u00e3o. &#8220;Essa obra interliga as malhas rodovi\u00e1rias entre os estados de Pernambuco e Para\u00edba, al\u00e9m de proporcionar maior seguran\u00e7a na infraestrutura para escoamento da produ\u00e7\u00e3o dos produtos agropecu\u00e1rios produzidos no Vale do Pianc\u00f3, bem como para o tr\u00e1fego de ve\u00edculos pequenos pela rodovia&#8221;, afirma.<\/p>\n\n\n\n<p>O trecho entregue era um dos \u00faltimos de rodovia federal em leito natural na Para\u00edba. Os servi\u00e7os inclu\u00edram pavimenta\u00e7\u00e3o de pista simples com duas faixas de 3,5m e acostamento de 2m, sinaliza\u00e7\u00e3o e implanta\u00e7\u00e3o de dispositivos de drenagem e de seguran\u00e7a.<\/p>\n","protected":false},"excerpt":{"rendered":"<p>O Governo Federal entregou nesta quarta-feira (3), uma obra de implanta\u00e7\u00e3o e pavimenta\u00e7\u00e3o dos 7,7 quil\u00f4metros remanescentes da BR-426, que liga as cidades de Santana&hellip; <\/p>\n","protected":false},"author":2,"featured_media":172976,"comment_status":"closed","ping_status":"closed","sticky":false,"template":"","format":"standard","meta":{"sfsi_plus_gutenberg_text_before_share":"","sfsi_plus_gutenberg_show_text_before_share":"","sfsi_plus_gutenberg_icon_type":"","sfsi_plus_gutenberg_icon_alignemt":"","sfsi_plus_gutenburg_max_per_row":"","footnotes":""},"categories":[2],"tags":[],"class_list":["post-172975","post","type-post","status-publish","format-standard","has-post-thumbnail","hentry","category-geral"],"_links":{"self":[{"href":"https:\/\/www.caririemacao.com\/1\/wp-json\/wp\/v2\/posts\/172975","targetHints":{"allow":["GET"]}}],"collection":[{"href":"https:\/\/www.caririemacao.com\/1\/wp-json\/wp\/v2\/posts"}],"about":[{"href":"https:\/\/www.caririemacao.com\/1\/wp-json\/wp\/v2\/types\/post"}],"author":[{"embeddable":true,"href":"https:\/\/www.caririemacao.com\/1\/wp-json\/wp\/v2\/users\/2"}],"replies":[{"embeddable":true,"href":"https:\/\/www.caririemacao.com\/1\/wp-json\/wp\/v2\/comments?post=172975"}],"version-history":[{"count":1,"href":"https:\/\/www.caririemacao.com\/1\/wp-json\/wp\/v2\/posts\/172975\/revisions"}],"predecessor-version":[{"id":172977,"href":"https:\/\/www.caririemacao.com\/1\/wp-json\/wp\/v2\/posts\/172975\/revisions\/172977"}],"wp:featuredmedia":[{"embeddable":true,"href":"https:\/\/www.caririemacao.com\/1\/wp-json\/wp\/v2\/media\/172976"}],"wp:attachment":[{"href":"https:\/\/www.caririemacao.com\/1\/wp-json\/wp\/v2\/media?parent=172975"}],"wp:term":[{"taxonomy":"category","embeddable":true,"href":"https:\/\/www.caririemacao.com\/1\/wp-json\/wp\/v2\/categories?post=172975"},{"taxonomy":"post_tag","embeddable":true,"href":"https:\/\/www.caririemacao.com\/1\/wp-json\/wp\/v2\/tags?post=172975"}],"curies":[{"name":"wp","href":"https:\/\/api.w.org\/{rel}","templated":true}]}}