{"id":172983,"date":"2020-06-05T06:39:02","date_gmt":"2020-06-05T09:39:02","guid":{"rendered":"https:\/\/www.caririemacao.com\/1\/?p=172983"},"modified":"2020-06-05T06:39:02","modified_gmt":"2020-06-05T09:39:02","slug":"adelio-agiu-sozinho-na-facada-em-bolsonaro-conclui-procuradoria-ao-pedir-arquivamento-de-inquerito","status":"publish","type":"post","link":"https:\/\/www.caririemacao.com\/1\/2020\/06\/05\/adelio-agiu-sozinho-na-facada-em-bolsonaro-conclui-procuradoria-ao-pedir-arquivamento-de-inquerito\/","title":{"rendered":"Ad\u00e9lio agiu sozinho na facada em Bolsonaro, conclui Procuradoria ao pedir arquivamento de inqu\u00e9rito"},"content":{"rendered":"\n<h1 class=\"wp-block-heading\"><\/h1>\n\n\n\n<p>No documento enviado \u00e0 Justi\u00e7a Federal, a Procuradoria afirma ter conclu\u00eddo, ap\u00f3s an\u00e1lise do material reunido pela Pol\u00edcia Federal, que Ad\u00e9lio Bispo de Oliveira concebeu, planejou e executou sozinho o atentado.<\/p>\n\n\n\n<p>Ad\u00e9lio, declarado inimput\u00e1vel por ter doen\u00e7a mental, cumpre medida de seguran\u00e7a no pres\u00eddio federal de Campo Grande (MS).<\/p>\n\n\n\n<p>Segundo o Minist\u00e9rio P\u00fablico Federal, Ad\u00e9lio j\u00e1 estava em Juiz de Fora quando o ato de campanha do ent\u00e3o candidato Bolsonaro foi programado e, portanto, o autor da facada n\u00e3o se deslocou at\u00e9 a cidade com o objetivo de cometer o crime.<\/p>\n\n\n\n<p>Os representantes da Procuradoria afirmam ainda que Ad\u00e9lio n\u00e3o mantinha rela\u00e7\u00f5es pessoais com nenhuma pessoa na cidade mineira, tampouco estabeleceu contatos que pudessem ter exercido influ\u00eancia sobre o atentado.<\/p>\n\n\n\n<p>Al\u00e9m disso, frisam os procuradores que ele n\u00e3o efetuou ou recebeu liga\u00e7\u00f5es telef\u00f4nicas ou troca de mensagens por meio eletr\u00f4nico com poss\u00edvel interessado no atentado ou relacionadas ao crime.<\/p>\n\n\n\n<p>As investiga\u00e7\u00f5es da pol\u00edcia, de acordo com a Procuradoria, deixaram claro que, nas contas banc\u00e1rias de Ad\u00e9lio e de seus familiares tamb\u00e9m investigados, n\u00e3o houve movimenta\u00e7\u00e3o financeira incompat\u00edvel com seus trabalhos ou com seus padr\u00f5es de vida.<\/p>\n\n\n\n<p>A apura\u00e7\u00e3o n\u00e3o encontrou valores at\u00edpicos ou de origens desconhecidas nas contas do suspeito ou de seus familiares. &#8220;N\u00e3o h\u00e1 respaldo \u00e0 hip\u00f3tese de que o delito pudesse ter sido praticado mediante pagamento&#8221;, afirma o Minist\u00e9rio P\u00fablico Federal.<\/p>\n\n\n\n<p>Apesar de as conclus\u00f5es do inqu\u00e9rito apontarem para Ad\u00e9lio como \u00fanico autor do crime, o pedido de arquivamento enviado \u00e0 Justi\u00e7a Federal \u00e9 provis\u00f3rio, em raz\u00e3o de dilig\u00eancias que dependem de decis\u00e3o do STF (Supremo Tribunal Federal) para serem conclu\u00eddas e que poderiam, em tese, revelar a exist\u00eancia de grupo ou pessoas no atentado.<\/p>\n\n\n\n<p>Para a Procuradoria, resta a identifica\u00e7\u00e3o da origem dos honor\u00e1rios alegadamente pagos para a defesa de Ad\u00e9lio Bispo, a qual n\u00e3o foi contratada pelo pr\u00f3prio acusado nem por seus familiares.<\/p>\n\n\n\n<p>&#8220;Nesta investiga\u00e7\u00e3o, tamb\u00e9m n\u00e3o h\u00e1 suspeita de participa\u00e7\u00e3o dos advogados na infra\u00e7\u00e3o penal. E a identifica\u00e7\u00e3o da origem dos honor\u00e1rios alegadamente contratados faz-se igualmente necess\u00e1ria \u00e0 completa elucida\u00e7\u00e3o do fato. Trata-se da linha de investiga\u00e7\u00e3o ainda pendente, em coer\u00eancia com a orienta\u00e7\u00e3o de exaurimento de todas as hip\u00f3teses cogitadas&#8221;, diz a manifesta\u00e7\u00e3o.<\/p>\n\n\n\n<p>Com a conclus\u00e3o da Pol\u00edcia Federal de que n\u00e3o houve mandante da facada, o foco do presidente no caso passa a ser o julgamento no STF sobre a per\u00edcia em materiais apreendidos com advogados do autor do crime.<\/p>\n\n\n\n<p>O caso foi remetido \u00e0 corte em fevereiro, mas est\u00e1 parado. Como a a\u00e7\u00e3o ainda n\u00e3o foi distribu\u00edda internamente, n\u00e3o foi escolhido nem sequer o ministro relator. A decis\u00e3o sobre o assunto \u00e9 considerada importante porque pode fornecer elementos para abrir novas frentes de investiga\u00e7\u00e3o.<\/p>\n\n\n\n<p>Como o jornal Folha de S.Paulo mostrou em abril, a PF descartou no inqu\u00e9rito a participa\u00e7\u00e3o de terceiros no planejamento ou na execu\u00e7\u00e3o da facada, confirmando a tese de que Ad\u00e9lio agiu sozinho.<\/p>\n\n\n\n<p>Esse foi o segundo inqu\u00e9rito aberto pela PF sobre o caso. O primeiro, finalizado ainda no m\u00eas do atentado, setembro de 2018, j\u00e1 havia demonstrado que Ad\u00e9lio atuou por conta pr\u00f3pria ao tentar assassinar o ent\u00e3o presidenci\u00e1vel durante um ato de campanha em Juiz de Fora. O autor est\u00e1 preso desde ent\u00e3o.<\/p>\n\n\n\n<p>A press\u00e3o sobre a investiga\u00e7\u00e3o se elevou com afirma\u00e7\u00f5es de Bolsonaro que puseram em xeque o trabalho da PF. O presidente e seus apoiadores voltaram a propagandear a vers\u00e3o de que o crime teria sido encomendado a Ad\u00e9lio, o que nunca ficou provado nos inqu\u00e9ritos.<\/p>\n\n\n\n<p>A insatisfa\u00e7\u00e3o de Bolsonaro com o resultado foi um dos ingredientes alegados por ele para a troca no comando da corpora\u00e7\u00e3o, o que levou ao pedido de demiss\u00e3o do ex-ministro da Justi\u00e7a Sergio Moro.<\/p>\n\n\n\n<p>Agora, o STF ter\u00e1 que decidir se autoriza ou n\u00e3o a an\u00e1lise de celulares, documentos e outros itens apreendidos pela PF no escrit\u00f3rio do advogado Zanone de Oliveira J\u00fanior, que assumiu a defesa de Ad\u00e9lio logo ap\u00f3s o fato. Desde o fim do ano passado, ele \u00e9 representado pela DPU (Defensoria P\u00fablica da Uni\u00e3o).<\/p>\n\n\n\n<p>A corte dir\u00e1 se o exame dos materiais viola o sigilo profissional do advogado, garantido pela Constitui\u00e7\u00e3o. A per\u00edcia foi suspensa em 2019, ap\u00f3s a Justi\u00e7a atender a um pedido apresentado pela OAB (Ordem dos Advogados do Brasil).<\/p>\n\n\n\n<p>O debate judicial estava ocorrendo no TRF-1 (Tribunal Regional Federal da 1\u00aa Regi\u00e3o), que em fevereiro resolveu encaminhar o caso ao STF por se tratar de assunto constitucional.<\/p>\n\n\n\n<p>Os registros recolhidos no escrit\u00f3rio de Zanone poderiam fornecer pistas sobre poss\u00edveis contratantes ou financiadores de Ad\u00e9lio, abrindo caminho para eventualmente se chegar a nomes de terceiros envolvidos na tentativa de assassinato. O defensor sempre refutou essa hip\u00f3tese.<\/p>\n\n\n\n<p>O advogado Ant\u00f4nio Pitombo, que representa Bolsonaro no processo, confirmou \u00e0 reportagem que as aten\u00e7\u00f5es agora se voltam para o Supremo. &#8220;H\u00e1 uma prova pertinente e relevante que depende do julgamento de um mandado de seguran\u00e7a, que se encontra no STF&#8221;, afirmou, referindo-se aos itens apreendidos.<\/p>\n\n\n\n<p>Mesmo sem um veredito, a PF trabalha com a possibilidade de reabrir a investiga\u00e7\u00e3o no futuro caso o STF autorize o pente-fino nos materiais.<\/p>\n","protected":false},"excerpt":{"rendered":"<p>No documento enviado \u00e0 Justi\u00e7a Federal, a Procuradoria afirma ter conclu\u00eddo, ap\u00f3s an\u00e1lise do material reunido pela Pol\u00edcia Federal, que Ad\u00e9lio Bispo de Oliveira concebeu,&hellip; <\/p>\n","protected":false},"author":2,"featured_media":172984,"comment_status":"closed","ping_status":"closed","sticky":false,"template":"","format":"standard","meta":{"sfsi_plus_gutenberg_text_before_share":"","sfsi_plus_gutenberg_show_text_before_share":"","sfsi_plus_gutenberg_icon_type":"","sfsi_plus_gutenberg_icon_alignemt":"","sfsi_plus_gutenburg_max_per_row":"","footnotes":""},"categories":[2],"tags":[],"class_list":["post-172983","post","type-post","status-publish","format-standard","has-post-thumbnail","hentry","category-geral"],"_links":{"self":[{"href":"https:\/\/www.caririemacao.com\/1\/wp-json\/wp\/v2\/posts\/172983","targetHints":{"allow":["GET"]}}],"collection":[{"href":"https:\/\/www.caririemacao.com\/1\/wp-json\/wp\/v2\/posts"}],"about":[{"href":"https:\/\/www.caririemacao.com\/1\/wp-json\/wp\/v2\/types\/post"}],"author":[{"embeddable":true,"href":"https:\/\/www.caririemacao.com\/1\/wp-json\/wp\/v2\/users\/2"}],"replies":[{"embeddable":true,"href":"https:\/\/www.caririemacao.com\/1\/wp-json\/wp\/v2\/comments?post=172983"}],"version-history":[{"count":1,"href":"https:\/\/www.caririemacao.com\/1\/wp-json\/wp\/v2\/posts\/172983\/revisions"}],"predecessor-version":[{"id":172985,"href":"https:\/\/www.caririemacao.com\/1\/wp-json\/wp\/v2\/posts\/172983\/revisions\/172985"}],"wp:featuredmedia":[{"embeddable":true,"href":"https:\/\/www.caririemacao.com\/1\/wp-json\/wp\/v2\/media\/172984"}],"wp:attachment":[{"href":"https:\/\/www.caririemacao.com\/1\/wp-json\/wp\/v2\/media?parent=172983"}],"wp:term":[{"taxonomy":"category","embeddable":true,"href":"https:\/\/www.caririemacao.com\/1\/wp-json\/wp\/v2\/categories?post=172983"},{"taxonomy":"post_tag","embeddable":true,"href":"https:\/\/www.caririemacao.com\/1\/wp-json\/wp\/v2\/tags?post=172983"}],"curies":[{"name":"wp","href":"https:\/\/api.w.org\/{rel}","templated":true}]}}