{"id":172995,"date":"2020-06-05T06:55:29","date_gmt":"2020-06-05T09:55:29","guid":{"rendered":"https:\/\/www.caririemacao.com\/1\/?p=172995"},"modified":"2020-06-05T06:55:29","modified_gmt":"2020-06-05T09:55:29","slug":"psb-pede-que-filiados-nao-participem-de-atos-por-temor-de-instrumentalizacao-por-bolsonaro","status":"publish","type":"post","link":"https:\/\/www.caririemacao.com\/1\/2020\/06\/05\/psb-pede-que-filiados-nao-participem-de-atos-por-temor-de-instrumentalizacao-por-bolsonaro\/","title":{"rendered":"PSB pede que filiados n\u00e3o participem de atos por temor de instrumentaliza\u00e7\u00e3o por Bolsonaro"},"content":{"rendered":"\n<h1 class=\"wp-block-heading\"><\/h1>\n\n\n\n<p>Em nota assinada pelo seu presidente, Carlos Siqueira, e intitulada &#8220;Ainda n\u00e3o \u00e9 hora de tomar as ruas&#8221;, o partido diz que sua decis\u00e3o \u00e9 embasada pelas limita\u00e7\u00f5es sanit\u00e1rias exigidas e tamb\u00e9m pelo temor de que o presidente Jair Bolsonaro (sem partido) aproveite as manifesta\u00e7\u00f5es para ter uma rea\u00e7\u00e3o radical e antidemocr\u00e1tica.<\/p>\n\n\n\n<p>A nota destaca que a realiza\u00e7\u00e3o de grandes aglomera\u00e7\u00f5es no momento pode fazer com que a dissemina\u00e7\u00e3o do novo coronav\u00edrus piore, o que seria preocupante &#8220;diante da flagrante fragilidade da aten\u00e7\u00e3o \u00e0 sa\u00fade&#8221;, diz a nota.<\/p>\n\n\n\n<p>O PSB pondera que grupos infiltrados podem criar situa\u00e7\u00f5es que favoreceriam uma &#8220;repress\u00e3o proporcional aos movimentos&#8221; e tamb\u00e9m &#8220;uma rea\u00e7\u00e3o governamental, que pode implicar o uso de medidas de exce\u00e7\u00e3o, o que este governo autorit\u00e1rio demonstra ser de seu interesse&#8221;.<\/p>\n\n\n\n<p>O pedido do partido, ent\u00e3o, \u00e9 para que as manifesta\u00e7\u00f5es em defesa da democracia sejam mantidas nas redes sociais, &#8220;que tem sido at\u00e9 aqui o principal e mais efetivo ve\u00edculo para a mobiliza\u00e7\u00e3o dos democratas&#8221;.<\/p>\n\n\n\n<p>&#8220;Para vencer neste momento delicado da vida pol\u00edtica nacional, o campo democr\u00e1tico deve ser o mais amplo poss\u00edvel e articular estrat\u00e9gias pr\u00f3prias, evitando cair nas armadilhas que prop\u00f5em os defensores do arb\u00edtrio. Neste momento eles desejam disseminar a desordem, e n\u00f3s precisamos, ao contr\u00e1rio, da serenidade firme e do comedimento dos que sabem que s\u00e3o maioria&#8221;, conclui a nota.<\/p>\n","protected":false},"excerpt":{"rendered":"<p>Em nota assinada pelo seu presidente, Carlos Siqueira, e intitulada &#8220;Ainda n\u00e3o \u00e9 hora de tomar as ruas&#8221;, o partido diz que sua decis\u00e3o \u00e9&hellip; <\/p>\n","protected":false},"author":2,"featured_media":172996,"comment_status":"closed","ping_status":"closed","sticky":false,"template":"","format":"standard","meta":{"sfsi_plus_gutenberg_text_before_share":"","sfsi_plus_gutenberg_show_text_before_share":"","sfsi_plus_gutenberg_icon_type":"","sfsi_plus_gutenberg_icon_alignemt":"","sfsi_plus_gutenburg_max_per_row":"","footnotes":""},"categories":[2],"tags":[],"class_list":["post-172995","post","type-post","status-publish","format-standard","has-post-thumbnail","hentry","category-geral"],"_links":{"self":[{"href":"https:\/\/www.caririemacao.com\/1\/wp-json\/wp\/v2\/posts\/172995","targetHints":{"allow":["GET"]}}],"collection":[{"href":"https:\/\/www.caririemacao.com\/1\/wp-json\/wp\/v2\/posts"}],"about":[{"href":"https:\/\/www.caririemacao.com\/1\/wp-json\/wp\/v2\/types\/post"}],"author":[{"embeddable":true,"href":"https:\/\/www.caririemacao.com\/1\/wp-json\/wp\/v2\/users\/2"}],"replies":[{"embeddable":true,"href":"https:\/\/www.caririemacao.com\/1\/wp-json\/wp\/v2\/comments?post=172995"}],"version-history":[{"count":1,"href":"https:\/\/www.caririemacao.com\/1\/wp-json\/wp\/v2\/posts\/172995\/revisions"}],"predecessor-version":[{"id":172997,"href":"https:\/\/www.caririemacao.com\/1\/wp-json\/wp\/v2\/posts\/172995\/revisions\/172997"}],"wp:featuredmedia":[{"embeddable":true,"href":"https:\/\/www.caririemacao.com\/1\/wp-json\/wp\/v2\/media\/172996"}],"wp:attachment":[{"href":"https:\/\/www.caririemacao.com\/1\/wp-json\/wp\/v2\/media?parent=172995"}],"wp:term":[{"taxonomy":"category","embeddable":true,"href":"https:\/\/www.caririemacao.com\/1\/wp-json\/wp\/v2\/categories?post=172995"},{"taxonomy":"post_tag","embeddable":true,"href":"https:\/\/www.caririemacao.com\/1\/wp-json\/wp\/v2\/tags?post=172995"}],"curies":[{"name":"wp","href":"https:\/\/api.w.org\/{rel}","templated":true}]}}