{"id":173000,"date":"2020-06-05T07:02:13","date_gmt":"2020-06-05T10:02:13","guid":{"rendered":"https:\/\/www.caririemacao.com\/1\/?p=173000"},"modified":"2020-06-05T07:02:13","modified_gmt":"2020-06-05T10:02:13","slug":"ministro-da-educacao-recebe-apoio-de-manifestantes-e-de-bolsonaro-apos-depoimento-na-policia-federal","status":"publish","type":"post","link":"https:\/\/www.caririemacao.com\/1\/2020\/06\/05\/ministro-da-educacao-recebe-apoio-de-manifestantes-e-de-bolsonaro-apos-depoimento-na-policia-federal\/","title":{"rendered":"Ministro da Educa\u00e7\u00e3o recebe apoio de manifestantes e de Bolsonaro ap\u00f3s depoimento na Pol\u00edcia Federal"},"content":{"rendered":"\n<h2 class=\"wp-block-heading\"><\/h2>\n\n\n\n<p>O ministro da Educa\u00e7\u00e3o, Abraham Weintraub, recebeu o apoio de manifestantes e do presidente Jair Bolsonaro ap\u00f3s comparecer \u00e0 sede da Pol\u00edcia Federal em Bras\u00edlia, nesta quinta-feira (4) para depor no inqu\u00e9rito que apura suposto crime de racismo cometido em rede social.<br><br><br><br><br>Weintraub chegou ao pr\u00e9dio conhecido como \u201cM\u00e1scara Negra\u201d, na \u00e1rea central de Bras\u00edlia, por volta das 14h40 e deixou o local meia hora depois, \u00e0s 15h12. O ministro teria entregue o depoimento por escrito e, por isso, n\u00e3o respondeu a perguntas. No fim de maio, o ministro optou por ficar calado ao ser ouvido pela PF em outro inqu\u00e9rito, relacionado \u00e0 reuni\u00e3o ministerial de 22 de abril.<br><br><br><br><br>Ap\u00f3s o depoimento, ao sair do pr\u00e9dio da PF, Weintraub foi carregado no bra\u00e7o por manifestantes. Ele utilizou um alto falante para se dirigir aos apoiadores. \u201cA liberdade \u00e9 a coisa mais importante numa democracia\u201d, disse. Pelas redes sociais, o presidente Jair Bolsonaro respondeu a uma publica\u00e7\u00e3o do ministro: \u201cBrasil\u201d, escreveu Bolsonaro.<\/p>\n","protected":false},"excerpt":{"rendered":"<p>O ministro da Educa\u00e7\u00e3o, Abraham Weintraub, recebeu o apoio de manifestantes e do presidente Jair Bolsonaro ap\u00f3s comparecer \u00e0 sede da Pol\u00edcia Federal em Bras\u00edlia,&hellip; <\/p>\n","protected":false},"author":2,"featured_media":173001,"comment_status":"closed","ping_status":"closed","sticky":false,"template":"","format":"standard","meta":{"sfsi_plus_gutenberg_text_before_share":"","sfsi_plus_gutenberg_show_text_before_share":"","sfsi_plus_gutenberg_icon_type":"","sfsi_plus_gutenberg_icon_alignemt":"","sfsi_plus_gutenburg_max_per_row":"","footnotes":""},"categories":[11],"tags":[],"class_list":["post-173000","post","type-post","status-publish","format-standard","has-post-thumbnail","hentry","category-politica"],"_links":{"self":[{"href":"https:\/\/www.caririemacao.com\/1\/wp-json\/wp\/v2\/posts\/173000","targetHints":{"allow":["GET"]}}],"collection":[{"href":"https:\/\/www.caririemacao.com\/1\/wp-json\/wp\/v2\/posts"}],"about":[{"href":"https:\/\/www.caririemacao.com\/1\/wp-json\/wp\/v2\/types\/post"}],"author":[{"embeddable":true,"href":"https:\/\/www.caririemacao.com\/1\/wp-json\/wp\/v2\/users\/2"}],"replies":[{"embeddable":true,"href":"https:\/\/www.caririemacao.com\/1\/wp-json\/wp\/v2\/comments?post=173000"}],"version-history":[{"count":1,"href":"https:\/\/www.caririemacao.com\/1\/wp-json\/wp\/v2\/posts\/173000\/revisions"}],"predecessor-version":[{"id":173002,"href":"https:\/\/www.caririemacao.com\/1\/wp-json\/wp\/v2\/posts\/173000\/revisions\/173002"}],"wp:featuredmedia":[{"embeddable":true,"href":"https:\/\/www.caririemacao.com\/1\/wp-json\/wp\/v2\/media\/173001"}],"wp:attachment":[{"href":"https:\/\/www.caririemacao.com\/1\/wp-json\/wp\/v2\/media?parent=173000"}],"wp:term":[{"taxonomy":"category","embeddable":true,"href":"https:\/\/www.caririemacao.com\/1\/wp-json\/wp\/v2\/categories?post=173000"},{"taxonomy":"post_tag","embeddable":true,"href":"https:\/\/www.caririemacao.com\/1\/wp-json\/wp\/v2\/tags?post=173000"}],"curies":[{"name":"wp","href":"https:\/\/api.w.org\/{rel}","templated":true}]}}