{"id":173008,"date":"2020-06-05T07:11:37","date_gmt":"2020-06-05T10:11:37","guid":{"rendered":"https:\/\/www.caririemacao.com\/1\/?p=173008"},"modified":"2020-06-05T07:11:37","modified_gmt":"2020-06-05T10:11:37","slug":"57-eleicoes-no-mundo-ja-foram-adiadas-e-653-dos-brasileiros-sao-a-favor-da-mudanca-de-data-do-pleito-de-outubro","status":"publish","type":"post","link":"https:\/\/www.caririemacao.com\/1\/2020\/06\/05\/57-eleicoes-no-mundo-ja-foram-adiadas-e-653-dos-brasileiros-sao-a-favor-da-mudanca-de-data-do-pleito-de-outubro\/","title":{"rendered":"57 elei\u00e7\u00f5es no mundo j\u00e1 foram adiadas e 65,3% dos brasileiros s\u00e3o a favor da mudan\u00e7a de data do pleito de outubro"},"content":{"rendered":"\n<h1 class=\"wp-block-heading\"><\/h1>\n\n\n\n<p>A pandemia causada pelo novo coronav\u00edrus tem gerado uma crise mundial de sa\u00fade e econ\u00f4mica, provocando mudan\u00e7as em v\u00e1rios setores. Levantamento realizado pela ONG Idea mostra que pelo menos 57 elei\u00e7\u00f5es marcadas at\u00e9 o fim de 2020 foram adiadas. No Brasil, apesar das medidas de isolamento social, o Tribunal Superior Eleitoral (TSE) tem mantido o calend\u00e1rio para realiza\u00e7\u00e3o do pleito. Pesquisa realizada pelo Instituto Paran\u00e1 revela que 65,3% de brasileiros defendem o adiamento do processo eleitoral por conta da atual situa\u00e7\u00e3o de crise no Pa\u00eds que j\u00e1 levou a morte mais de 31 mil pessoas.<\/p>\n\n\n\n<p>De acordo com a pesquisa, a atua\u00e7\u00e3o dos prefeitos na gest\u00e3o do governo municipal em rela\u00e7\u00e3o ao combate ao coronav\u00edrus recebeu uma boa avalia\u00e7\u00e3o por parte dos entrevistados: para 42,3% prefeitos est\u00e3o atuando de forma \u00f3tima (14,1%) ou boa (28,2%). J\u00e1 para 28,7%, os chefes dos governos municipais est\u00e3o agindo de forma ruim (11,6%) ou p\u00e9ssima (17,1%). Para 26,2% a atua\u00e7\u00e3o \u00e9 regular e 2,8% n\u00e3o respondeu ou opinou.<\/p>\n\n\n\n<p>Na regi\u00e3o Nordeste, a atua\u00e7\u00e3o dos prefeitos no combate ao coronav\u00edrus \u00e9 aprovada por 68,2% da popula\u00e7\u00e3o. Para 16,8%, a atua\u00e7\u00e3o \u00e9 \u00f3tima, seguido de boa para 23,8% e regular para um total de 27,6%.<\/p>\n\n\n\n<p>A Federa\u00e7\u00e3o das Associa\u00e7\u00f5es de Munic\u00edpios da Para\u00edba (Famup), a Confedera\u00e7\u00e3o Nacional de Munic\u00edpios (CNM), o Movimento Mulheres Municipalistas (MMM), as associa\u00e7\u00f5es microrregionais de munic\u00edpios, prefeitos e prefeitas paraibanos, chegaram a divulgar uma Carta em que defendem a n\u00e3o realiza\u00e7\u00e3o das elei\u00e7\u00f5es municipais este ano por conta da pandemia causada pelo coronav\u00edrus.<\/p>\n\n\n\n<p>No documento, eles pedem que seja considerada a posi\u00e7\u00e3o hist\u00f3rica do Movimento Municipalista Brasileiro no sentido da unifica\u00e7\u00e3o dos mandatos com a realiza\u00e7\u00e3o de uma elei\u00e7\u00e3o geral em 2022. A carta foi elaborada durante reuni\u00e3o do Conselho Pol\u00edtico da CNM, realizada de forma remota.<\/p>\n\n\n\n<p>Os prefeitos defendem diversos pontos e entre eles o fato de que h\u00e1 prazos a serem cumpridos, em atendimento \u00e0 legisla\u00e7\u00e3o eleitoral, que obrigam o afastamento dos servidores, em especial daqueles que atuam nas \u00e1reas da sa\u00fade e assist\u00eancia social, fundamentais nesse momento de crise sanit\u00e1ria e que tenham a expectativa de concorrer.<\/p>\n\n\n\n<p>De acordo com os gestores, uma eventual realiza\u00e7\u00e3o das elei\u00e7\u00f5es no final deste ano impedir\u00e1 a presta\u00e7\u00e3o e an\u00e1lise das contas dos candidatos, bem como, a diploma\u00e7\u00e3o dos eleitos, al\u00e9m do que inviabilizar\u00e1 uma adequada transi\u00e7\u00e3o de governo. Sem essa, mais tempo levar\u00e1 a nova gest\u00e3o para tomar p\u00e9 da real situa\u00e7\u00e3o do Ente p\u00fablico. A situa\u00e7\u00e3o repercutir\u00e1 negativamente nas a\u00e7\u00f5es do novo governo e, sobretudo, na continuidade das pol\u00edticas p\u00fablicas de combate \u00e0 pandemia.<\/p>\n\n\n\n<p>Para o presidente da Famup, George Coelho, n\u00e3o existe estrutura m\u00ednima para realizar elei\u00e7\u00e3o esse ano. \u201cN\u00e3o d\u00e1 para se pensar em uma disputa eleitoral em meio \u00e0 crise sanit\u00e1ria que o pa\u00eds vem enfrentando. Acreditamos que n\u00e3o \u00e9 vi\u00e1vel o adiamento nem para dezembro, tendo em vista, que adiar em dois meses n\u00e3o surtir\u00e1 um efeito positivo para a disputa. Nossa luta agora \u00e9 para que as elei\u00e7\u00f5es sejam unificadas para que ocorra de forma justa, democr\u00e1tica e igualit\u00e1ria\u201d, afirmou.<\/p>\n\n\n\n<p><strong>Elei\u00e7\u00f5es pelo mundo \u2013<\/strong>&nbsp;Levantamento da ONG Idea mostra que pelo menos 57 elei\u00e7\u00f5es marcadas at\u00e9 o fim de 2020 foram adiadas. Foram 15 pleitos nacionais com data modificada (Bol\u00edvia, Eti\u00f3pia, \u00cdndia, Ir\u00e3, Kiribati, Maced\u00f4nia do Norte, Norte do Chipre, Rep\u00fablica Dominicana, Papua Nova Guin\u00e9, Pol\u00f4nia, S\u00e9rvia, Su\u00ed\u00e7a, S\u00edria, Siri Lanka e Uganda), 24 locais e seis referendos. Dezessete elei\u00e7\u00f5es est\u00e3o mantidas. Seis pa\u00edses, entre eles o Brasil, discutem o adiamento do processo eleitoral.<\/p>\n","protected":false},"excerpt":{"rendered":"<p>A pandemia causada pelo novo coronav\u00edrus tem gerado uma crise mundial de sa\u00fade e econ\u00f4mica, provocando mudan\u00e7as em v\u00e1rios setores. Levantamento realizado pela ONG Idea&hellip; <\/p>\n","protected":false},"author":2,"featured_media":173009,"comment_status":"closed","ping_status":"closed","sticky":false,"template":"","format":"standard","meta":{"sfsi_plus_gutenberg_text_before_share":"","sfsi_plus_gutenberg_show_text_before_share":"","sfsi_plus_gutenberg_icon_type":"","sfsi_plus_gutenberg_icon_alignemt":"","sfsi_plus_gutenburg_max_per_row":"","footnotes":""},"categories":[2],"tags":[],"class_list":["post-173008","post","type-post","status-publish","format-standard","has-post-thumbnail","hentry","category-geral"],"_links":{"self":[{"href":"https:\/\/www.caririemacao.com\/1\/wp-json\/wp\/v2\/posts\/173008","targetHints":{"allow":["GET"]}}],"collection":[{"href":"https:\/\/www.caririemacao.com\/1\/wp-json\/wp\/v2\/posts"}],"about":[{"href":"https:\/\/www.caririemacao.com\/1\/wp-json\/wp\/v2\/types\/post"}],"author":[{"embeddable":true,"href":"https:\/\/www.caririemacao.com\/1\/wp-json\/wp\/v2\/users\/2"}],"replies":[{"embeddable":true,"href":"https:\/\/www.caririemacao.com\/1\/wp-json\/wp\/v2\/comments?post=173008"}],"version-history":[{"count":1,"href":"https:\/\/www.caririemacao.com\/1\/wp-json\/wp\/v2\/posts\/173008\/revisions"}],"predecessor-version":[{"id":173010,"href":"https:\/\/www.caririemacao.com\/1\/wp-json\/wp\/v2\/posts\/173008\/revisions\/173010"}],"wp:featuredmedia":[{"embeddable":true,"href":"https:\/\/www.caririemacao.com\/1\/wp-json\/wp\/v2\/media\/173009"}],"wp:attachment":[{"href":"https:\/\/www.caririemacao.com\/1\/wp-json\/wp\/v2\/media?parent=173008"}],"wp:term":[{"taxonomy":"category","embeddable":true,"href":"https:\/\/www.caririemacao.com\/1\/wp-json\/wp\/v2\/categories?post=173008"},{"taxonomy":"post_tag","embeddable":true,"href":"https:\/\/www.caririemacao.com\/1\/wp-json\/wp\/v2\/tags?post=173008"}],"curies":[{"name":"wp","href":"https:\/\/api.w.org\/{rel}","templated":true}]}}