{"id":173020,"date":"2020-06-05T07:26:52","date_gmt":"2020-06-05T10:26:52","guid":{"rendered":"https:\/\/www.caririemacao.com\/1\/?p=173020"},"modified":"2020-06-05T07:26:52","modified_gmt":"2020-06-05T10:26:52","slug":"ifpb-de-monteiro-realiza-doacao-de-lanches-para-alunos-de-creche-da-rede-municipal-de-monteiro-2","status":"publish","type":"post","link":"https:\/\/www.caririemacao.com\/1\/2020\/06\/05\/ifpb-de-monteiro-realiza-doacao-de-lanches-para-alunos-de-creche-da-rede-municipal-de-monteiro-2\/","title":{"rendered":"IFPB de Monteiro realiza doa\u00e7\u00e3o de lanches para alunos de creche da rede municipal de Monteiro"},"content":{"rendered":"\n<h1 class=\"wp-block-heading\"><\/h1>\n\n\n\n<hr class=\"wp-block-separator\"\/>\n\n\n\n<p><a href=\"https:\/\/www.facebook.com\/sharer.php?u=https%3A%2F%2Fwww.vitrinedocariri.com.br%2F2020%2F06%2Fifpb-de-monteiro-realiza-doacao-de-lanches-para-alunos-de-creche-da-rede-municipal-de-monteiro%2F\" target=\"_blank\" rel=\"noreferrer noopener\"><\/a><a href=\"https:\/\/twitter.com\/share?url=https%3A%2F%2Fwww.vitrinedocariri.com.br%2F2020%2F06%2Fifpb-de-monteiro-realiza-doacao-de-lanches-para-alunos-de-creche-da-rede-municipal-de-monteiro%2F&amp;text=Acabei%20de%20ver%20IFPB%20de%20Monteiro%20realiza%20doa%C3%A7%C3%A3o%20de%20lanches%20para%20alunos%20de%20creche%20da%20rede%20municipal%20de%20Monteiro%20-%20Clique%20para%20ver%20tamb%C3%A9m%20%E2%98%9B%20\" target=\"_blank\" rel=\"noreferrer noopener\"><\/a><a href=\"\/\/send?text=IFPB%20de%20Monteiro%20realiza%20doa%C3%A7%C3%A3o%20de%20lanches%20para%20alunos%20de%20creche%20da%20rede%20municipal%20de%20Monteiro%20%E2%98%9B%20https%3A%2F%2Fwww.vitrinedocariri.com.br%2F2020%2F06%2Fifpb-de-monteiro-realiza-doacao-de-lanches-para-alunos-de-creche-da-rede-municipal-de-monteiro%2F\" target=\"_blank\" rel=\"noreferrer noopener\"><\/a><a href=\"javascript:void(0);\"><\/a><\/p>\n\n\n\n<p>Na \u00faltima sexta-feira, 29 de maio, aconteceu mais uma a\u00e7\u00e3o do IFPB Solid\u00e1rio, desta vez em parceria com a rede municipal de ensino de Monteiro.O IFPB Solid\u00e1rio \u00e9 o conjunto de a\u00e7\u00f5es solid\u00e1rias&nbsp; do Instituto no enfrentamento \u00e0 COVID-19 e na defesa da vida.Nesse sentido, os servidores do campus de Monteiro se reuniram, atrav\u00e9s do contato e da media\u00e7\u00e3o da diretora da creche, Josineide Oliveira Ferreira, e realizaram uma doa\u00e7\u00e3o de 178 Kits de lanches para as crian\u00e7as da Creche Dr. Fernando Bezerra Paraguay, do bairro Vila Santa Maria, o mesmo bairro em que o Instituo est\u00e1 instalado.A a\u00e7\u00e3o foi realizada atrav\u00e9s da parceria entre IFPB e a Unidade municipal de Ensino.\u201cA campanha IFPB solid\u00e1rio se configura num esfor\u00e7o da sociedade em minimizar os efeitos da Pandemia da Covid-19, principalmente para aqueles que tem maior vulnerabilidade, os servidores do campus Monteiro se engajaram nessa campanha e chamam toda a&nbsp; sociedade para participar junto conosco\u201d, disse o Diretor Geral do campus Monteiro, Abra\u00e3o Rom\u00e3o Batista.\u201cA somat\u00f3ria de esfor\u00e7os entre os diferentes segmentos da sociedade \u00e9 crucial neste momento de crise que enfrentamos. Agradecemos o apoio do IFPB, e as nossas crian\u00e7as ficam extremamente agradecidas tamb\u00e9m por este lindo gesto\u201d, disse a diretora da Creche Josineide Oliveira.Mais doa\u00e7\u00f5esAinda visado o bem para as comunidades carentes, professores do IFPB \u2013 Campus Monteiro, ainda se mobilizaram e realizaram doa\u00e7\u00f5es de diversas cestas b\u00e1sicas para a Secretaria de Desenvolvimento Social do munic\u00edpio.Tais doa\u00e7\u00f5es foram direcionadas \u00e0s fam\u00edlias em vulnerabilidade social, identificadas pelas equipes da Secretaria.\u201cNeste momento de crise temos visto a prestatividade da popula\u00e7\u00e3o e agradecemos aos professores do IFPB que contribu\u00edram para que as vidas de pessoas necssitadas pudessem ser melhoradas atrav\u00e9s das cestas que garantir\u00e3o uma nutri\u00e7\u00e3o adequada a estas fam\u00edlias \u201c, agradeceu Rosa Aleixo, secret\u00e1ria da pasta.<\/p>\n","protected":false},"excerpt":{"rendered":"<p>Na \u00faltima sexta-feira, 29 de maio, aconteceu mais uma a\u00e7\u00e3o do IFPB Solid\u00e1rio, desta vez em parceria com a rede municipal de ensino de Monteiro.O&hellip; <\/p>\n","protected":false},"author":2,"featured_media":173021,"comment_status":"closed","ping_status":"closed","sticky":false,"template":"","format":"standard","meta":{"sfsi_plus_gutenberg_text_before_share":"","sfsi_plus_gutenberg_show_text_before_share":"","sfsi_plus_gutenberg_icon_type":"","sfsi_plus_gutenberg_icon_alignemt":"","sfsi_plus_gutenburg_max_per_row":"","footnotes":""},"categories":[2],"tags":[],"class_list":["post-173020","post","type-post","status-publish","format-standard","has-post-thumbnail","hentry","category-geral"],"_links":{"self":[{"href":"https:\/\/www.caririemacao.com\/1\/wp-json\/wp\/v2\/posts\/173020","targetHints":{"allow":["GET"]}}],"collection":[{"href":"https:\/\/www.caririemacao.com\/1\/wp-json\/wp\/v2\/posts"}],"about":[{"href":"https:\/\/www.caririemacao.com\/1\/wp-json\/wp\/v2\/types\/post"}],"author":[{"embeddable":true,"href":"https:\/\/www.caririemacao.com\/1\/wp-json\/wp\/v2\/users\/2"}],"replies":[{"embeddable":true,"href":"https:\/\/www.caririemacao.com\/1\/wp-json\/wp\/v2\/comments?post=173020"}],"version-history":[{"count":1,"href":"https:\/\/www.caririemacao.com\/1\/wp-json\/wp\/v2\/posts\/173020\/revisions"}],"predecessor-version":[{"id":173022,"href":"https:\/\/www.caririemacao.com\/1\/wp-json\/wp\/v2\/posts\/173020\/revisions\/173022"}],"wp:featuredmedia":[{"embeddable":true,"href":"https:\/\/www.caririemacao.com\/1\/wp-json\/wp\/v2\/media\/173021"}],"wp:attachment":[{"href":"https:\/\/www.caririemacao.com\/1\/wp-json\/wp\/v2\/media?parent=173020"}],"wp:term":[{"taxonomy":"category","embeddable":true,"href":"https:\/\/www.caririemacao.com\/1\/wp-json\/wp\/v2\/categories?post=173020"},{"taxonomy":"post_tag","embeddable":true,"href":"https:\/\/www.caririemacao.com\/1\/wp-json\/wp\/v2\/tags?post=173020"}],"curies":[{"name":"wp","href":"https:\/\/api.w.org\/{rel}","templated":true}]}}