{"id":173028,"date":"2020-06-05T08:17:16","date_gmt":"2020-06-05T11:17:16","guid":{"rendered":"https:\/\/www.caririemacao.com\/1\/?p=173028"},"modified":"2020-06-05T08:17:16","modified_gmt":"2020-06-05T11:17:16","slug":"laboratorio-na-paraiba-ganha-selo-de-responsabilidade-social-por-estudos-sobre-pandemia-do-covid-19","status":"publish","type":"post","link":"https:\/\/www.caririemacao.com\/1\/2020\/06\/05\/laboratorio-na-paraiba-ganha-selo-de-responsabilidade-social-por-estudos-sobre-pandemia-do-covid-19\/","title":{"rendered":"Laborat\u00f3rio na Para\u00edba ganha selo de responsabilidade social por estudos sobre pandemia do Covid-19"},"content":{"rendered":"\n<h1 class=\"wp-block-heading\"><\/h1>\n\n\n\n<p>O Laborat\u00f3rio de Intelig\u00eancia Artificial e Macroeconomia Computacional (Labimec) da Universidade Federal da Para\u00edba (UFPB) foi certificado com o Selo Defensoria P\u00fablica de Responsabilidade Social pelas contribui\u00e7\u00f5es dadas \u00e0s autoridades para tomada de decis\u00f5es em combate \u00e0 pandemia do novo coronav\u00edrus (Sars-CoV-2), na cidade de Patos, no Sert\u00e3o paraibano.<\/p>\n\n\n\n<p>O estudo encomendado pela Defensoria P\u00fablica do Estado (DPE-PB) mostrou o processo de interioriza\u00e7\u00e3o da Covid-19, doen\u00e7a causada pelo novo v\u00edrus, alertando para os efeitos da pandemia caso as medidas de distanciamento social n\u00e3o fossem adotadas.<\/p>\n\n\n\n<p>De acordo com o relat\u00f3rio do laborat\u00f3rio, o pico dos casos na cidade de Patos ocorrer\u00e1 entre as terceira e quarta semanas de junho. Na hip\u00f3tese de um cen\u00e1rio de normalidade no conv\u00edvio das pessoas, aproximadamente 2,5 mil casos de infec\u00e7\u00e3o s\u00e3o previstos na cidade, aponta os pesquisadores.<\/p>\n\n\n\n<p>O primeiro resultado foi apresentado por videoconfer\u00eancia, no dia 18 de maio, na presen\u00e7a de representantes da Defensoria P\u00fablica estadual, Minist\u00e9rio P\u00fablico Federal (MPF), Minist\u00e9rio P\u00fablico do Trabalho (MPT), Minist\u00e9rio P\u00fablico do Estado da Para\u00edba (MPPB) e da Prefeitura Municipal de Patos.<\/p>\n\n\n\n<p>A apresenta\u00e7\u00e3o do relat\u00f3rio foi realizada pelos pesquisadores C\u00e1ssio da N\u00f3brega e Fl\u00e1vio Maca\u00fabas Torres Filho. Uma nova an\u00e1lise foi conclu\u00edda no dia 25 de maio, sem altera\u00e7\u00f5es significativas nos resultados.<\/p>\n\n\n\n<p>\u201c\u00c9 importante ressaltar que o estudo tem embasado as pol\u00edticas p\u00fablicas adotadas no munic\u00edpio, bem como as recomenda\u00e7\u00f5es feitas pela Defensoria. A sua divulga\u00e7\u00e3o, por si s\u00f3, j\u00e1 provocou um efeito enorme na conscientiza\u00e7\u00e3o da popula\u00e7\u00e3o sobre a necessidade de respeitar o isolamento social e praticar as medidas de preven\u00e7\u00e3o\u201d, disse a coordenadora do N\u00facleo de Atendimento da DPE-PB em Patos, Monaliza Montinegro.<\/p>\n\n\n\n<p>De acordo com os dados apresentados, Jo\u00e3o Pessoa registrou, no dia 15 de maio, 27 novos casos, enquanto a cidade de Patos apresentou 45 novos casos na mesma data. Tamb\u00e9m foi destacado o aumento de 216,2% dos casos confirmados (74 para 160 casos) em apenas uma semana (de 9 a 16 de maio) e de 44,4% nos \u00f3bitos (7 para 13), refletindo uma taxa de mortalidade de 5,5%.<\/p>\n\n\n\n<p>Com o objetivo de conscientizar e orientar a popula\u00e7\u00e3o de Patos para a necessidade de respeitar o distanciamento social, a Defensoria P\u00fablica chegou a recomendar ao gestor municipal que adote temporariamente medidas de restri\u00e7\u00e3o compuls\u00f3ria de circula\u00e7\u00e3o, o chamado lockdown.<\/p>\n\n\n\n<p>A certifica\u00e7\u00e3o concedida pela DPE-PB busca motivar as iniciativas p\u00fablicas e privadas, organiza\u00e7\u00f5es e institui\u00e7\u00f5es a contribu\u00edrem com as popula\u00e7\u00f5es carentes do Estado, especialmente durante a pandemia da Covid-19.<\/p>\n\n\n\n<p>Qualquer empresa ou entidade pode participar de forma volunt\u00e1ria, contribuindo por meio de servi\u00e7os, doa\u00e7\u00e3o de insumos ou aux\u00edlio financeiro. Contatos devem ser realizados pelo telefone (83) 98640.8427.<\/p>\n\n\n\n<p>Confira, abaixo, as duas an\u00e1lises realizadas pelo Labimec:<\/p>\n\n\n\n<figure class=\"wp-block-image\"><img decoding=\"async\" data-src=\"https:\/\/www.clickpb.com.br\/media\/filer_public\/84\/f2\/84f2f131-eaae-4cd6-a94d-299aa06a1079\/estudo_ufpb.jpeg\" alt=\"\" src=\"data:image\/svg+xml;base64,PHN2ZyB3aWR0aD0iMSIgaGVpZ2h0PSIxIiB4bWxucz0iaHR0cDovL3d3dy53My5vcmcvMjAwMC9zdmciPjwvc3ZnPg==\" class=\"lazyload\" \/><\/figure>\n","protected":false},"excerpt":{"rendered":"<p>O Laborat\u00f3rio de Intelig\u00eancia Artificial e Macroeconomia Computacional (Labimec) da Universidade Federal da Para\u00edba (UFPB) foi certificado com o Selo Defensoria P\u00fablica de Responsabilidade Social&hellip; <\/p>\n","protected":false},"author":2,"featured_media":173029,"comment_status":"closed","ping_status":"closed","sticky":false,"template":"","format":"standard","meta":{"sfsi_plus_gutenberg_text_before_share":"","sfsi_plus_gutenberg_show_text_before_share":"","sfsi_plus_gutenberg_icon_type":"","sfsi_plus_gutenberg_icon_alignemt":"","sfsi_plus_gutenburg_max_per_row":"","footnotes":""},"categories":[2],"tags":[],"class_list":["post-173028","post","type-post","status-publish","format-standard","has-post-thumbnail","hentry","category-geral"],"_links":{"self":[{"href":"https:\/\/www.caririemacao.com\/1\/wp-json\/wp\/v2\/posts\/173028","targetHints":{"allow":["GET"]}}],"collection":[{"href":"https:\/\/www.caririemacao.com\/1\/wp-json\/wp\/v2\/posts"}],"about":[{"href":"https:\/\/www.caririemacao.com\/1\/wp-json\/wp\/v2\/types\/post"}],"author":[{"embeddable":true,"href":"https:\/\/www.caririemacao.com\/1\/wp-json\/wp\/v2\/users\/2"}],"replies":[{"embeddable":true,"href":"https:\/\/www.caririemacao.com\/1\/wp-json\/wp\/v2\/comments?post=173028"}],"version-history":[{"count":1,"href":"https:\/\/www.caririemacao.com\/1\/wp-json\/wp\/v2\/posts\/173028\/revisions"}],"predecessor-version":[{"id":173030,"href":"https:\/\/www.caririemacao.com\/1\/wp-json\/wp\/v2\/posts\/173028\/revisions\/173030"}],"wp:featuredmedia":[{"embeddable":true,"href":"https:\/\/www.caririemacao.com\/1\/wp-json\/wp\/v2\/media\/173029"}],"wp:attachment":[{"href":"https:\/\/www.caririemacao.com\/1\/wp-json\/wp\/v2\/media?parent=173028"}],"wp:term":[{"taxonomy":"category","embeddable":true,"href":"https:\/\/www.caririemacao.com\/1\/wp-json\/wp\/v2\/categories?post=173028"},{"taxonomy":"post_tag","embeddable":true,"href":"https:\/\/www.caririemacao.com\/1\/wp-json\/wp\/v2\/tags?post=173028"}],"curies":[{"name":"wp","href":"https:\/\/api.w.org\/{rel}","templated":true}]}}