{"id":173039,"date":"2020-06-05T08:49:56","date_gmt":"2020-06-05T11:49:56","guid":{"rendered":"https:\/\/www.caririemacao.com\/1\/?p=173039"},"modified":"2020-06-05T08:49:56","modified_gmt":"2020-06-05T11:49:56","slug":"mais-8-casos-de-covid-19-sao-confirmados-e-sertania-chega-a-71","status":"publish","type":"post","link":"https:\/\/www.caririemacao.com\/1\/2020\/06\/05\/mais-8-casos-de-covid-19-sao-confirmados-e-sertania-chega-a-71\/","title":{"rendered":"Mais 8 casos de Covid-19 s\u00e3o confirmados e Sert\u00e2nia chega a 71"},"content":{"rendered":"\n<h3 class=\"wp-block-heading\"><\/h3>\n\n\n\n<p>A Secretaria de Sa\u00fade de Sert\u00e2nia informou, nesta quinta-feira (4), que oito casos foram confirmados para Covid-19 no munic\u00edpio, ap\u00f3s realiza\u00e7\u00e3o de testes r\u00e1pidos.&nbsp;<br>Com os registros de ontem, Sert\u00e2nia chegou a 71 casos de coronav\u00edrus.Tamb\u00e9m, nesta quinta, quatro casos foram descartados com realiza\u00e7\u00e3o de testes r\u00e1pidos, um desses estava em investiga\u00e7\u00e3o. O boletim traz a entrada de mais 10 casos em investiga\u00e7\u00e3o e a recupera\u00e7\u00e3o de mais um paciente.<br>Segundo o boletim, a partir de agora a comunica\u00e7\u00e3o do mapeamento dos casos de Covid-19 tamb\u00e9m ser\u00e1 apresentado por bairros da sede, al\u00e9m das vilas, povoados e s\u00edtios.<\/p>\n","protected":false},"excerpt":{"rendered":"<p>A Secretaria de Sa\u00fade de Sert\u00e2nia informou, nesta quinta-feira (4), que oito casos foram confirmados para Covid-19 no munic\u00edpio, ap\u00f3s realiza\u00e7\u00e3o de testes r\u00e1pidos.&nbsp;Com os&hellip; <\/p>\n","protected":false},"author":2,"featured_media":173040,"comment_status":"closed","ping_status":"closed","sticky":false,"template":"","format":"standard","meta":{"sfsi_plus_gutenberg_text_before_share":"","sfsi_plus_gutenberg_show_text_before_share":"","sfsi_plus_gutenberg_icon_type":"","sfsi_plus_gutenberg_icon_alignemt":"","sfsi_plus_gutenburg_max_per_row":"","footnotes":""},"categories":[2],"tags":[],"class_list":["post-173039","post","type-post","status-publish","format-standard","has-post-thumbnail","hentry","category-geral"],"_links":{"self":[{"href":"https:\/\/www.caririemacao.com\/1\/wp-json\/wp\/v2\/posts\/173039","targetHints":{"allow":["GET"]}}],"collection":[{"href":"https:\/\/www.caririemacao.com\/1\/wp-json\/wp\/v2\/posts"}],"about":[{"href":"https:\/\/www.caririemacao.com\/1\/wp-json\/wp\/v2\/types\/post"}],"author":[{"embeddable":true,"href":"https:\/\/www.caririemacao.com\/1\/wp-json\/wp\/v2\/users\/2"}],"replies":[{"embeddable":true,"href":"https:\/\/www.caririemacao.com\/1\/wp-json\/wp\/v2\/comments?post=173039"}],"version-history":[{"count":1,"href":"https:\/\/www.caririemacao.com\/1\/wp-json\/wp\/v2\/posts\/173039\/revisions"}],"predecessor-version":[{"id":173041,"href":"https:\/\/www.caririemacao.com\/1\/wp-json\/wp\/v2\/posts\/173039\/revisions\/173041"}],"wp:featuredmedia":[{"embeddable":true,"href":"https:\/\/www.caririemacao.com\/1\/wp-json\/wp\/v2\/media\/173040"}],"wp:attachment":[{"href":"https:\/\/www.caririemacao.com\/1\/wp-json\/wp\/v2\/media?parent=173039"}],"wp:term":[{"taxonomy":"category","embeddable":true,"href":"https:\/\/www.caririemacao.com\/1\/wp-json\/wp\/v2\/categories?post=173039"},{"taxonomy":"post_tag","embeddable":true,"href":"https:\/\/www.caririemacao.com\/1\/wp-json\/wp\/v2\/tags?post=173039"}],"curies":[{"name":"wp","href":"https:\/\/api.w.org\/{rel}","templated":true}]}}