{"id":173043,"date":"2020-06-05T09:00:13","date_gmt":"2020-06-05T12:00:13","guid":{"rendered":"https:\/\/www.caririemacao.com\/1\/?p=173043"},"modified":"2020-06-05T09:00:13","modified_gmt":"2020-06-05T12:00:13","slug":"auxilio-emergencial-guedes-defende-r-300-mas-congresso-quer-aumentar","status":"publish","type":"post","link":"https:\/\/www.caririemacao.com\/1\/2020\/06\/05\/auxilio-emergencial-guedes-defende-r-300-mas-congresso-quer-aumentar\/","title":{"rendered":"Aux\u00edlio emergencial: Guedes defende R$ 300, mas Congresso quer aumentar"},"content":{"rendered":"\n<h1 class=\"wp-block-heading\"><\/h1>\n\n\n\n<p> O presidente Jair Bolsonaro confirmou, ontem, que o governo vai prorrogar o aux\u00edlio emergencial por mais dois meses. No entanto, o valor mensal do benef\u00edcio de R$ 600 deve ser reduzido para R$ 300, se prevalecer a opini\u00e3o da equipe econ\u00f4mica. O presidente n\u00e3o esclareceu qual ser\u00e1 o novo valor, mas a diminui\u00e7\u00e3o da quantia, que tem ajudado trabalhadores informais na pandemia do novo coronav\u00edrus, encontra resist\u00eancia no Congresso Nacional.<br><br>O valor de R$ 300 ganhou for\u00e7a nos c\u00e1lculos do governo porque representa um meio termo entre as propostas que buscam garantir o pagamento do aux\u00edlio emergencial por mais um tempo, mas de uma forma que pese menos para os cofres p\u00fablicos.Segundo fontes do governo, tudo caminha nesse sentido. Por\u00e9m, ningu\u00e9m garante que o valor esteja fechado.<\/p>\n\n\n\n<p>O presidente da C\u00e2mara, Rodrigo Maia (DEM-RJ), disse ontem que v\u00ea um risco na redu\u00e7\u00e3o do valor do benef\u00edcio. Segundo ele, existe consenso entre os deputados para manter a ajuda de R$ 600 por at\u00e9 tr\u00eas meses. E cobrou do governo uma posi\u00e7\u00e3o oficial a respeito da extens\u00e3o do aux\u00edlio.<\/p>\n\n\n\n<p>\u201cA gente entende a preocupa\u00e7\u00e3o do governo\u201d, disse Maia, referindo-se ao impacto que a medida teria no or\u00e7amento da Uni\u00e3o. \u201cMas gostaria de ter uma posi\u00e7\u00e3o oficial.<\/p>\n\n\n\n<p>Que o governo encaminhe a mat\u00e9ria e possamos fazer um debate transparente\u201d, disse.<\/p>\n\n\n\n<p>O ministro da Economia, Paulo Guedes, entende que o benef\u00edcio deve ser prorrogado por mais \u201cum ou dois meses\u201d, mas em um formato diferente, mais parecido com o Bolsa Fam\u00edlia. Ou seja, que o valor caia de R$ 600 para R$ 200 \u2014 o que, segundo a equipe econ\u00f4mica, reduziria de R$ 50 bilh\u00f5es para R$ 17 bilh\u00f5es o custo mensal do aux\u00edlio emergencial. Vale lembrar que R$ 200 foi a primeira proposta da equipe econ\u00f4mica enviada ao Congresso no projeto de cria\u00e7\u00e3o do aux\u00edlio emergencial. A quantia foi considerada irris\u00f3ria pelo Legislativo, e acabou sendo elevada.<\/p>\n\n\n\n<p>O presidente Jair Bolsonaro concorda com Guedes em reduzir o valor atual do benef\u00edcio, mas sugeriu que as pr\u00f3ximas parcelas poderiam ser um pouco maiores do que a proposta do seu Posto Ipiranga. Bolsonaro j\u00e1 indicou que R$ 200 podem ser muito pouco. Por isso, sugeriu inicialmente que a quarta parcela fosse de R$ 400 ou R$ 300 e a quinta, de R$ 300 ou R$ 200. O governo passou a estudar, ent\u00e3o, a proposta intermedi\u00e1ria de pagar R$ 300 por mais dois meses.&nbsp;<\/p>\n\n\n\n<p>Rodrigo Maia disse estar sens\u00edvel ao custo financeiro da prorroga\u00e7\u00e3o do aux\u00edlio.<\/p>\n\n\n\n<p>\u201c\u00c9 um impacto grande. Vamos buscar solu\u00e7\u00f5es dentro do or\u00e7amento fiscal normal para construir com o governo uma solu\u00e7\u00e3o para manter R$ 600 por mais 60 dias. Tem que ser um debate aberto. Todos t\u00eam o mesmo objetivo, que \u00e9 garantir a renda m\u00ednima para milh\u00f5es de brasileiros que perderam, da noite para o dia, capacidade de sustentar as fam\u00edlias\u201d, destacou.<\/p>\n\n\n\n<p>O que parece estar certo \u00e9 que a prorroga\u00e7\u00e3o n\u00e3o ser\u00e1 permanente, j\u00e1 que este um programa caro demais para o governo. De acordo com a equipe econ\u00f4mica, o aux\u00edlio emergencial de R$ 600 custa mais de R$ 50 bilh\u00f5es por m\u00eas \u2014 mais que o dobro do custo anual do Bolsa Fam\u00edlia. Por isso, a ideia da prorroga\u00e7\u00e3o \u00e9 apenas fazer com que o aux\u00edlio emergencial n\u00e3o acabe de forma abrupta j\u00e1 a partir do pr\u00f3ximo m\u00eas, quando muitos trabalhadores ainda estar\u00e3o tentando sair da crise do coronav\u00edrus.<\/p>\n\n\n\n<p>Fechar os moldes da prorroga\u00e7\u00e3o e negoci\u00e1-la com o Congresso n\u00e3o \u00e9, contudo, o \u00fanico desafio do Executivo em rela\u00e7\u00e3o ao aux\u00edlio emergencial. O governo tamb\u00e9m tem sido criticado pelas fraudes que v\u00eam sendo identificadas pelo Tribunal de Contas da Uni\u00e3o e pela Controladoria-Geral da Uni\u00e3o (CGU) no pagamento do benef\u00edcio. E ainda precisa definir o calend\u00e1rio de pagamento da terceira parcela dos R$ 600 para mais de 50 milh\u00f5es de brasileiros, al\u00e9m de concluir a an\u00e1lise cadastral de mais 11 milh\u00f5es de pessoas que pediram o benef\u00edcio, mas ainda n\u00e3o receberam nenhuma ajuda do governo durante a pandemia..<\/p>\n","protected":false},"excerpt":{"rendered":"<p>O presidente Jair Bolsonaro confirmou, ontem, que o governo vai prorrogar o aux\u00edlio emergencial por mais dois meses. No entanto, o valor mensal do benef\u00edcio&hellip; <\/p>\n","protected":false},"author":2,"featured_media":167682,"comment_status":"closed","ping_status":"closed","sticky":false,"template":"","format":"standard","meta":{"sfsi_plus_gutenberg_text_before_share":"","sfsi_plus_gutenberg_show_text_before_share":"","sfsi_plus_gutenberg_icon_type":"","sfsi_plus_gutenberg_icon_alignemt":"","sfsi_plus_gutenburg_max_per_row":"","footnotes":""},"categories":[50,2],"tags":[],"class_list":["post-173043","post","type-post","status-publish","format-standard","has-post-thumbnail","hentry","category-destaque","category-geral"],"_links":{"self":[{"href":"https:\/\/www.caririemacao.com\/1\/wp-json\/wp\/v2\/posts\/173043","targetHints":{"allow":["GET"]}}],"collection":[{"href":"https:\/\/www.caririemacao.com\/1\/wp-json\/wp\/v2\/posts"}],"about":[{"href":"https:\/\/www.caririemacao.com\/1\/wp-json\/wp\/v2\/types\/post"}],"author":[{"embeddable":true,"href":"https:\/\/www.caririemacao.com\/1\/wp-json\/wp\/v2\/users\/2"}],"replies":[{"embeddable":true,"href":"https:\/\/www.caririemacao.com\/1\/wp-json\/wp\/v2\/comments?post=173043"}],"version-history":[{"count":1,"href":"https:\/\/www.caririemacao.com\/1\/wp-json\/wp\/v2\/posts\/173043\/revisions"}],"predecessor-version":[{"id":173044,"href":"https:\/\/www.caririemacao.com\/1\/wp-json\/wp\/v2\/posts\/173043\/revisions\/173044"}],"wp:featuredmedia":[{"embeddable":true,"href":"https:\/\/www.caririemacao.com\/1\/wp-json\/wp\/v2\/media\/167682"}],"wp:attachment":[{"href":"https:\/\/www.caririemacao.com\/1\/wp-json\/wp\/v2\/media?parent=173043"}],"wp:term":[{"taxonomy":"category","embeddable":true,"href":"https:\/\/www.caririemacao.com\/1\/wp-json\/wp\/v2\/categories?post=173043"},{"taxonomy":"post_tag","embeddable":true,"href":"https:\/\/www.caririemacao.com\/1\/wp-json\/wp\/v2\/tags?post=173043"}],"curies":[{"name":"wp","href":"https:\/\/api.w.org\/{rel}","templated":true}]}}