{"id":173050,"date":"2020-06-05T09:10:35","date_gmt":"2020-06-05T12:10:35","guid":{"rendered":"https:\/\/www.caririemacao.com\/1\/?p=173050"},"modified":"2020-06-05T09:10:35","modified_gmt":"2020-06-05T12:10:35","slug":"cantor-paraibano-morre-vitima-de-covid-19-apos-mais-de-15-dias-internado","status":"publish","type":"post","link":"https:\/\/www.caririemacao.com\/1\/2020\/06\/05\/cantor-paraibano-morre-vitima-de-covid-19-apos-mais-de-15-dias-internado\/","title":{"rendered":"Cantor paraibano morre v\u00edtima de covid-19 ap\u00f3s mais de 15 dias internado"},"content":{"rendered":"\n<h1 class=\"wp-block-heading\"><\/h1>\n\n\n\n<p>O cantor&nbsp;Josimar Henrique Mota, de 45 anos, morreu na noite desta quinta-feira (04), v\u00edtima de Coronav\u00edrus, na Para\u00edba. Josimar estava internado no Hospital Regional de Cajazeiras desde o dia 19 de maio.&nbsp;<\/p>\n\n\n\n<p>O cantor come\u00e7ou a sentir sintomas da doen\u00e7a no dia 17 de maio. Ele chegou a realizar dois exames que testaram negativo.&nbsp;<\/p>\n\n\n\n<p>Ele foi transferido para o Hospital Regional de Cajazeiras ap\u00f3s o terceiro exame testar positivo e apresentar complica\u00e7\u00f5es no sistema respirat\u00f3rio e precisar ser entubado.&nbsp;<\/p>\n\n\n\n<p>Josimar era natural de Catol\u00e9 do Rocha e residiu por muitos anos em Brejo do Cruz. Ele participou de v\u00e1rias bandas musicais na&nbsp;Para\u00edba e no Rio Grande do Norte.<\/p>\n\n\n\n<p>Ele&nbsp;retornou para Catol\u00e9 do Rocha onde&nbsp;trabalhava&nbsp;como gerente de uma banca de jogo do bicho. Resolveu fazer carreira solo, e passou a se apresentar em in\u00fameros eventos na regi\u00e3o.&nbsp;<\/p>\n\n\n\n<p>Josimar chegou a fazer uma live no seu Instagram no dia 10 de maio.&nbsp;<\/p>\n\n\n\n<figure><iframe data-src=\"https:\/\/www.instagram.com\/p\/CAAl5qIghjU\/embed\/?cr=1&amp;v=12&amp;wp=540&amp;rd=https%3A%2F%2Fwww.clickpb.com.br&amp;rp=%2Fadmin%2Fportal%2Fportalarticle%2Fadd%2F#%7B%22ci%22%3A0%2C%22os%22%3A509705.43999999063%2C%22ls%22%3A509666.18500000914%2C%22le%22%3A509700.85999998264%7D\" allowfullscreen=\"true\" height=\"506\" src=\"data:image\/svg+xml;base64,PHN2ZyB3aWR0aD0iMSIgaGVpZ2h0PSIxIiB4bWxucz0iaHR0cDovL3d3dy53My5vcmcvMjAwMC9zdmciPjwvc3ZnPg==\" class=\"lazyload\" data-load-mode=\"1\"><\/iframe><\/figure>\n","protected":false},"excerpt":{"rendered":"<p>O cantor&nbsp;Josimar Henrique Mota, de 45 anos, morreu na noite desta quinta-feira (04), v\u00edtima de Coronav\u00edrus, na Para\u00edba. Josimar estava internado no Hospital Regional de&hellip; <\/p>\n","protected":false},"author":2,"featured_media":173051,"comment_status":"closed","ping_status":"closed","sticky":false,"template":"","format":"standard","meta":{"sfsi_plus_gutenberg_text_before_share":"","sfsi_plus_gutenberg_show_text_before_share":"","sfsi_plus_gutenberg_icon_type":"","sfsi_plus_gutenberg_icon_alignemt":"","sfsi_plus_gutenburg_max_per_row":"","footnotes":""},"categories":[2],"tags":[],"class_list":["post-173050","post","type-post","status-publish","format-standard","has-post-thumbnail","hentry","category-geral"],"_links":{"self":[{"href":"https:\/\/www.caririemacao.com\/1\/wp-json\/wp\/v2\/posts\/173050","targetHints":{"allow":["GET"]}}],"collection":[{"href":"https:\/\/www.caririemacao.com\/1\/wp-json\/wp\/v2\/posts"}],"about":[{"href":"https:\/\/www.caririemacao.com\/1\/wp-json\/wp\/v2\/types\/post"}],"author":[{"embeddable":true,"href":"https:\/\/www.caririemacao.com\/1\/wp-json\/wp\/v2\/users\/2"}],"replies":[{"embeddable":true,"href":"https:\/\/www.caririemacao.com\/1\/wp-json\/wp\/v2\/comments?post=173050"}],"version-history":[{"count":1,"href":"https:\/\/www.caririemacao.com\/1\/wp-json\/wp\/v2\/posts\/173050\/revisions"}],"predecessor-version":[{"id":173052,"href":"https:\/\/www.caririemacao.com\/1\/wp-json\/wp\/v2\/posts\/173050\/revisions\/173052"}],"wp:featuredmedia":[{"embeddable":true,"href":"https:\/\/www.caririemacao.com\/1\/wp-json\/wp\/v2\/media\/173051"}],"wp:attachment":[{"href":"https:\/\/www.caririemacao.com\/1\/wp-json\/wp\/v2\/media?parent=173050"}],"wp:term":[{"taxonomy":"category","embeddable":true,"href":"https:\/\/www.caririemacao.com\/1\/wp-json\/wp\/v2\/categories?post=173050"},{"taxonomy":"post_tag","embeddable":true,"href":"https:\/\/www.caririemacao.com\/1\/wp-json\/wp\/v2\/tags?post=173050"}],"curies":[{"name":"wp","href":"https:\/\/api.w.org\/{rel}","templated":true}]}}