{"id":173054,"date":"2020-06-05T10:56:04","date_gmt":"2020-06-05T13:56:04","guid":{"rendered":"https:\/\/www.caririemacao.com\/1\/?p=173054"},"modified":"2020-06-05T10:56:04","modified_gmt":"2020-06-05T13:56:04","slug":"prefeitura-de-sume-suspende-prazos-de-concursos-publicos-e-de-convocacoes-no-periodo-de-pandemia","status":"publish","type":"post","link":"https:\/\/www.caririemacao.com\/1\/2020\/06\/05\/prefeitura-de-sume-suspende-prazos-de-concursos-publicos-e-de-convocacoes-no-periodo-de-pandemia\/","title":{"rendered":"Prefeitura de Sum\u00e9 suspende prazos de Concursos P\u00fablicos e de convoca\u00e7\u00f5es no per\u00edodo de pandemia"},"content":{"rendered":"\n<h1 class=\"wp-block-heading\"><\/h1>\n\n\n\n<p>A Prefeitura de Sum\u00e9, considerando o per\u00edodo de pandemia do novo coronav\u00edrus suspendeu os prazos de validade dos dois concursos p\u00fablicos vigentes no munic\u00edpio, por meio do decreto n\u00b0 1.333, de 29 de maio de 2020.<\/p>\n\n\n\n<p>H\u00e1 no munic\u00edpio, dois concursos em vigor, um realizado em 2017, com prazo de validade at\u00e9 dezembro de 2021, e outro realizado em 2019, com prazo de validade tamb\u00e9m at\u00e9 dezembro de 2021. Estes prazos agora est\u00e3o suspensos e voltar\u00e3o a correr a partir do t\u00e9rmino do per\u00edodo de calamidade p\u00fablica, estabelecido pela Uni\u00e3o.<\/p>\n\n\n\n<p>Devido \u00e0 pandemia, a convoca\u00e7\u00e3o de aprovados est\u00e1 dificultada, j\u00e1 que o momento atual \u00e9 de se evitar locomo\u00e7\u00e3o de pessoas e aglomera\u00e7\u00f5es, tendo em vista que a recomenda\u00e7\u00e3o das autoridades de sa\u00fade \u00e9 evitar que as pessoas n\u00e3o saiam de suas resid\u00eancias.<\/p>\n\n\n\n<p>Ascom PMS<\/p>\n","protected":false},"excerpt":{"rendered":"<p>A Prefeitura de Sum\u00e9, considerando o per\u00edodo de pandemia do novo coronav\u00edrus suspendeu os prazos de validade dos dois concursos p\u00fablicos vigentes no munic\u00edpio, por&hellip; <\/p>\n","protected":false},"author":2,"featured_media":173055,"comment_status":"closed","ping_status":"closed","sticky":false,"template":"","format":"standard","meta":{"sfsi_plus_gutenberg_text_before_share":"","sfsi_plus_gutenberg_show_text_before_share":"","sfsi_plus_gutenberg_icon_type":"","sfsi_plus_gutenberg_icon_alignemt":"","sfsi_plus_gutenburg_max_per_row":"","footnotes":""},"categories":[2],"tags":[],"class_list":["post-173054","post","type-post","status-publish","format-standard","has-post-thumbnail","hentry","category-geral"],"_links":{"self":[{"href":"https:\/\/www.caririemacao.com\/1\/wp-json\/wp\/v2\/posts\/173054","targetHints":{"allow":["GET"]}}],"collection":[{"href":"https:\/\/www.caririemacao.com\/1\/wp-json\/wp\/v2\/posts"}],"about":[{"href":"https:\/\/www.caririemacao.com\/1\/wp-json\/wp\/v2\/types\/post"}],"author":[{"embeddable":true,"href":"https:\/\/www.caririemacao.com\/1\/wp-json\/wp\/v2\/users\/2"}],"replies":[{"embeddable":true,"href":"https:\/\/www.caririemacao.com\/1\/wp-json\/wp\/v2\/comments?post=173054"}],"version-history":[{"count":1,"href":"https:\/\/www.caririemacao.com\/1\/wp-json\/wp\/v2\/posts\/173054\/revisions"}],"predecessor-version":[{"id":173056,"href":"https:\/\/www.caririemacao.com\/1\/wp-json\/wp\/v2\/posts\/173054\/revisions\/173056"}],"wp:featuredmedia":[{"embeddable":true,"href":"https:\/\/www.caririemacao.com\/1\/wp-json\/wp\/v2\/media\/173055"}],"wp:attachment":[{"href":"https:\/\/www.caririemacao.com\/1\/wp-json\/wp\/v2\/media?parent=173054"}],"wp:term":[{"taxonomy":"category","embeddable":true,"href":"https:\/\/www.caririemacao.com\/1\/wp-json\/wp\/v2\/categories?post=173054"},{"taxonomy":"post_tag","embeddable":true,"href":"https:\/\/www.caririemacao.com\/1\/wp-json\/wp\/v2\/tags?post=173054"}],"curies":[{"name":"wp","href":"https:\/\/api.w.org\/{rel}","templated":true}]}}