{"id":173058,"date":"2020-06-05T11:06:45","date_gmt":"2020-06-05T14:06:45","guid":{"rendered":"https:\/\/www.caririemacao.com\/1\/?p=173058"},"modified":"2020-06-05T11:06:45","modified_gmt":"2020-06-05T14:06:45","slug":"policia-civil-cumpre-mandado-de-prisao-contra-apenado-que-descumpriu-beneficio-durante-a-pandemia-em-sao-joao-do-cariri","status":"publish","type":"post","link":"https:\/\/www.caririemacao.com\/1\/2020\/06\/05\/policia-civil-cumpre-mandado-de-prisao-contra-apenado-que-descumpriu-beneficio-durante-a-pandemia-em-sao-joao-do-cariri\/","title":{"rendered":"Pol\u00edcia Civil cumpre mandado de pris\u00e3o contra apenado que descumpriu benef\u00edcio durante a pandemia em S\u00e3o Jo\u00e3o do Cariri"},"content":{"rendered":"\n<h1 class=\"wp-block-heading\"><\/h1>\n\n\n\n<p>Na tarde desta \u00faltima quinta-feira(04), Policiais Civis da Delegacia de S\u00e3o Jo\u00e3o do Cariri deram cumprimento a um Mandado de Pris\u00e3o expedido pela Comarca de Serra Branca em desfavor do popular Jos\u00e9 Dami\u00e3o Pereira Batista.<\/p>\n\n\n\n<p>O referido cidad\u00e3o \u00e9 apenado do Sistema Penitenci\u00e1rio da Para\u00edba, mais especificamente da Cadeia P\u00fablica da cidade de S\u00e3o Jo\u00e3o do Cariri, pela pr\u00e1tica de estupro, com pena a ser cumprida de 21 anos 4 meses e 20 dias, e conseguiu o benef\u00edcio de progress\u00e3o de regime.<\/p>\n\n\n\n<p>Durante este per\u00edodo de pandemia, alguns apenados conseguiram o benef\u00edcio da Pris\u00e3o Domiciliar. Todavia, ap\u00f3s fiscaliza\u00e7\u00e3o feita para averiguar a obedi\u00eancia aos termos de tal benef\u00edcio, foi constatado a infra\u00e7\u00e3o de algumas condi\u00e7\u00f5es por parte de Dami\u00e3o. Motivo pelo qual foi expedido o mandado de pris\u00e3o, cumprido nesta quinta-feira.<\/p>\n\n\n\n<p>A Delegacia de Pol\u00edcia Civil informa que todos os apenados que foram beneficiados com a tal medida, est\u00e3o sendo fiscalizados, e caso descumprirem as condi\u00e7\u00f5es impostas, ser\u00e3o alvos de mandado de pris\u00e3o.<\/p>\n\n\n\n<p>A Pol\u00edcia Civil informa que quaisquer casos assemelhados, em que apenados estejam descumprindo as condi\u00e7\u00f5es estabelecidas para concess\u00e3o do referido benef\u00edcio, devem ser comunicado ao F\u00f3rum da Comarca de Serra Branca, atrav\u00e9s do Telefone (83) 3354-2928.<\/p>\n\n\n\n<p><strong>De Olho no Cariri<\/strong><\/p>\n","protected":false},"excerpt":{"rendered":"<p>Na tarde desta \u00faltima quinta-feira(04), Policiais Civis da Delegacia de S\u00e3o Jo\u00e3o do Cariri deram cumprimento a um Mandado de Pris\u00e3o expedido pela Comarca de&hellip; <\/p>\n","protected":false},"author":2,"featured_media":173059,"comment_status":"closed","ping_status":"closed","sticky":false,"template":"","format":"standard","meta":{"sfsi_plus_gutenberg_text_before_share":"","sfsi_plus_gutenberg_show_text_before_share":"","sfsi_plus_gutenberg_icon_type":"","sfsi_plus_gutenberg_icon_alignemt":"","sfsi_plus_gutenburg_max_per_row":"","footnotes":""},"categories":[2],"tags":[],"class_list":["post-173058","post","type-post","status-publish","format-standard","has-post-thumbnail","hentry","category-geral"],"_links":{"self":[{"href":"https:\/\/www.caririemacao.com\/1\/wp-json\/wp\/v2\/posts\/173058","targetHints":{"allow":["GET"]}}],"collection":[{"href":"https:\/\/www.caririemacao.com\/1\/wp-json\/wp\/v2\/posts"}],"about":[{"href":"https:\/\/www.caririemacao.com\/1\/wp-json\/wp\/v2\/types\/post"}],"author":[{"embeddable":true,"href":"https:\/\/www.caririemacao.com\/1\/wp-json\/wp\/v2\/users\/2"}],"replies":[{"embeddable":true,"href":"https:\/\/www.caririemacao.com\/1\/wp-json\/wp\/v2\/comments?post=173058"}],"version-history":[{"count":1,"href":"https:\/\/www.caririemacao.com\/1\/wp-json\/wp\/v2\/posts\/173058\/revisions"}],"predecessor-version":[{"id":173060,"href":"https:\/\/www.caririemacao.com\/1\/wp-json\/wp\/v2\/posts\/173058\/revisions\/173060"}],"wp:featuredmedia":[{"embeddable":true,"href":"https:\/\/www.caririemacao.com\/1\/wp-json\/wp\/v2\/media\/173059"}],"wp:attachment":[{"href":"https:\/\/www.caririemacao.com\/1\/wp-json\/wp\/v2\/media?parent=173058"}],"wp:term":[{"taxonomy":"category","embeddable":true,"href":"https:\/\/www.caririemacao.com\/1\/wp-json\/wp\/v2\/categories?post=173058"},{"taxonomy":"post_tag","embeddable":true,"href":"https:\/\/www.caririemacao.com\/1\/wp-json\/wp\/v2\/tags?post=173058"}],"curies":[{"name":"wp","href":"https:\/\/api.w.org\/{rel}","templated":true}]}}