{"id":173066,"date":"2020-06-05T11:14:08","date_gmt":"2020-06-05T14:14:08","guid":{"rendered":"https:\/\/www.caririemacao.com\/1\/?p=173066"},"modified":"2020-06-05T11:14:08","modified_gmt":"2020-06-05T14:14:08","slug":"tragedia-jovem-comete-suicidio-no-municipio-de-salgadinho","status":"publish","type":"post","link":"https:\/\/www.caririemacao.com\/1\/2020\/06\/05\/tragedia-jovem-comete-suicidio-no-municipio-de-salgadinho\/","title":{"rendered":"TRAG\u00c9DIA: Jovem comete suic\u00eddio no munic\u00edpio de Salgadinho"},"content":{"rendered":"\n<h1 class=\"wp-block-heading\"><\/h1>\n\n\n\n<p>Um fato lament\u00e1vel foi registrado no inicio da manh\u00e3 desta quinta-feira (04), no munic\u00edpio de Salgadinho, interior da Para\u00edba. Um jovem, de apenas 16 anos, acabou tirando a pr\u00f3pria vida no S\u00edtio Bonfim, zona rural do munic\u00edpio.<\/p>\n\n\n\n<p>Segundo informa\u00e7\u00f5es, o jovem identificado por Renato Felipe Alves da Silva, foi encontrado enforcado na resid\u00eancia da sua irm\u00e3 onde atualmente morava.<\/p>\n\n\n\n<p>Segundo informa\u00e7\u00f5es de familiares, o jovem n\u00e3o aparentava nenhum problema psicol\u00f3gico.<\/p>\n","protected":false},"excerpt":{"rendered":"<p>Um fato lament\u00e1vel foi registrado no inicio da manh\u00e3 desta quinta-feira (04), no munic\u00edpio de Salgadinho, interior da Para\u00edba. Um jovem, de apenas 16 anos,&hellip; <\/p>\n","protected":false},"author":2,"featured_media":173067,"comment_status":"closed","ping_status":"closed","sticky":false,"template":"","format":"standard","meta":{"sfsi_plus_gutenberg_text_before_share":"","sfsi_plus_gutenberg_show_text_before_share":"","sfsi_plus_gutenberg_icon_type":"","sfsi_plus_gutenberg_icon_alignemt":"","sfsi_plus_gutenburg_max_per_row":"","footnotes":""},"categories":[2],"tags":[],"class_list":["post-173066","post","type-post","status-publish","format-standard","has-post-thumbnail","hentry","category-geral"],"_links":{"self":[{"href":"https:\/\/www.caririemacao.com\/1\/wp-json\/wp\/v2\/posts\/173066","targetHints":{"allow":["GET"]}}],"collection":[{"href":"https:\/\/www.caririemacao.com\/1\/wp-json\/wp\/v2\/posts"}],"about":[{"href":"https:\/\/www.caririemacao.com\/1\/wp-json\/wp\/v2\/types\/post"}],"author":[{"embeddable":true,"href":"https:\/\/www.caririemacao.com\/1\/wp-json\/wp\/v2\/users\/2"}],"replies":[{"embeddable":true,"href":"https:\/\/www.caririemacao.com\/1\/wp-json\/wp\/v2\/comments?post=173066"}],"version-history":[{"count":1,"href":"https:\/\/www.caririemacao.com\/1\/wp-json\/wp\/v2\/posts\/173066\/revisions"}],"predecessor-version":[{"id":173068,"href":"https:\/\/www.caririemacao.com\/1\/wp-json\/wp\/v2\/posts\/173066\/revisions\/173068"}],"wp:featuredmedia":[{"embeddable":true,"href":"https:\/\/www.caririemacao.com\/1\/wp-json\/wp\/v2\/media\/173067"}],"wp:attachment":[{"href":"https:\/\/www.caririemacao.com\/1\/wp-json\/wp\/v2\/media?parent=173066"}],"wp:term":[{"taxonomy":"category","embeddable":true,"href":"https:\/\/www.caririemacao.com\/1\/wp-json\/wp\/v2\/categories?post=173066"},{"taxonomy":"post_tag","embeddable":true,"href":"https:\/\/www.caririemacao.com\/1\/wp-json\/wp\/v2\/tags?post=173066"}],"curies":[{"name":"wp","href":"https:\/\/api.w.org\/{rel}","templated":true}]}}