{"id":173085,"date":"2020-06-05T13:50:59","date_gmt":"2020-06-05T16:50:59","guid":{"rendered":"https:\/\/www.caririemacao.com\/1\/?p=173085"},"modified":"2020-06-05T13:50:59","modified_gmt":"2020-06-05T16:50:59","slug":"ibama-pode-contratar-1-481-trabalhadores-temporarios","status":"publish","type":"post","link":"https:\/\/www.caririemacao.com\/1\/2020\/06\/05\/ibama-pode-contratar-1-481-trabalhadores-temporarios\/","title":{"rendered":"Ibama pode contratar 1.481 trabalhadores tempor\u00e1rios"},"content":{"rendered":"\n<h2 class=\"wp-block-heading\"><\/h2>\n\n\n\n<p>O Instituto Brasileiro do Meio Ambiente e dos Recursos Naturais Renov\u00e1veis (Ibama) poder\u00e1 contratar temporariamente 1.481 profissionais para refor\u00e7ar o atendimento a emerg\u00eancias ambientais. A autoriza\u00e7\u00e3o consta da&nbsp;<a href=\"http:\/\/www.in.gov.br\/en\/web\/dou\/-\/portaria-interministerial-n-13.378-de-2-de-junho-de-2020-260077951\" target=\"_blank\" rel=\"noreferrer noopener\">Portaria Interministerial 13.378<\/a>&nbsp;, publicada&nbsp;hoje&nbsp;(4) no Di\u00e1rio Oficial da Uni\u00e3o.<\/p>\n\n\n\n<p>Ao todo, ser\u00e3o 1.160 vagas para brigadistas, 281 vagas para cargos de chefia de esquadr\u00e3o e brigada e 40 vagas para supervisores de brigada. Os contratos&nbsp;ter\u00e3o a validade de at\u00e9 seis meses, podendo ser prorrogados pelo prazo necess\u00e1rio at\u00e9 que a situa\u00e7\u00e3o de emerg\u00eancia ambiental esteja superada, n\u00e3o excedendo dois anos. O Ibama definir\u00e1 a remunera\u00e7\u00e3o dos profissionais a serem contratados e est\u00e1 autorizado a publicar edital a partir deste m\u00eas.<\/p>\n\n\n\n<h2 class=\"wp-block-heading\">Contrata\u00e7\u00f5es tempor\u00e1rias<\/h2>\n\n\n\n<p>A autoriza\u00e7\u00e3o para as vagas segue o modelo de contrata\u00e7\u00e3o tempor\u00e1ria que entrou em vigor com a&nbsp;<a href=\"https:\/\/agenciabrasil.ebc.com.br\/economia\/noticia\/2020-03\/mp-autoriza-contratacao-de-servidor-aposentado-para-inss\" target=\"_blank\" rel=\"noreferrer noopener\">Medida Provis\u00f3ria 922<\/a>, publicada no in\u00edcio&nbsp;de mar\u00e7o para contratar temporariamente servidores aposentados para refor\u00e7ar o atendimento nas ag\u00eancias do Instituto Nacional do Seguro Social (INSS).<\/p>\n\n\n\n<p>Desde a publica\u00e7\u00e3o da medida provis\u00f3ria, o Minist\u00e9rio da Economia autorizou a contrata\u00e7\u00e3o de 19,2 mil profissionais por tempo determinado. Al\u00e9m das vagas para o Ibama, foram autorizadas 4.117 vagas para os&nbsp;hospitais federais do Rio&nbsp;de Janeiro, 5.158 para o Minist\u00e9rio da Sa\u00fade refor\u00e7ar o enfrentamento \u00e0 covid-19 e 8.230 vagas para o INSS. Nesta semana, o Minist\u00e9rio do Desenvolvimento Regional recebeu autoriza\u00e7\u00e3o para 243 tempor\u00e1rios. No caso do INSS e do Minist\u00e9rio do Desenvolvimento Regional, foram chamados servidores aposentados.<\/p>\n\n\n\n<p>A MP estende a possibilidade de contrata\u00e7\u00e3o tempor\u00e1ria para outras ocupa\u00e7\u00f5es, como professores para aperfei\u00e7oamento de m\u00e9dicos de Aten\u00e7\u00e3o B\u00e1sica&nbsp;em regi\u00f5es priorit\u00e1rias e profissionais para assist\u00eancia humanit\u00e1ria a estrangeiros que entram no pa\u00eds.<\/p>\n\n\n\n<h2 class=\"wp-block-heading\">Recrutamento<\/h2>\n\n\n\n<p>Conforme o modelo da MP, os trabalhadores tempor\u00e1rios ser\u00e3o contratados por meio de um processo seletivo simplificado, sem concurso p\u00fablico, apenas por meio de edital de chamamento. No entanto, o processo seletivo \u00e9 dispensado nas seguintes situa\u00e7\u00f5es: calamidade p\u00fablica, emerg\u00eancia em sa\u00fade p\u00fablica, emerg\u00eancia e crime ambiental, emerg\u00eancia humanit\u00e1ria e situa\u00e7\u00f5es de iminente risco \u00e0 sociedade.<\/p>\n\n\n\n<p>Os tempor\u00e1rios s\u00f3 poder\u00e3o ser novamente admitidos 24 meses depois do fim do contrato, exceto quando a contrata\u00e7\u00e3o decorrer de processo seletivo simplificado de provas ou de t\u00edtulos, como nas universidades federais e nos institutos de pesquisa. Pessoas com mais de 75 anos e aposentados por incapacidade permanente n\u00e3o poder\u00e3o ser contratadas.<\/p>\n","protected":false},"excerpt":{"rendered":"<p>O Instituto Brasileiro do Meio Ambiente e dos Recursos Naturais Renov\u00e1veis (Ibama) poder\u00e1 contratar temporariamente 1.481 profissionais para refor\u00e7ar o atendimento a emerg\u00eancias ambientais. A&hellip; <\/p>\n","protected":false},"author":2,"featured_media":148949,"comment_status":"closed","ping_status":"closed","sticky":false,"template":"","format":"standard","meta":{"sfsi_plus_gutenberg_text_before_share":"","sfsi_plus_gutenberg_show_text_before_share":"","sfsi_plus_gutenberg_icon_type":"","sfsi_plus_gutenberg_icon_alignemt":"","sfsi_plus_gutenburg_max_per_row":"","footnotes":""},"categories":[2],"tags":[],"class_list":["post-173085","post","type-post","status-publish","format-standard","has-post-thumbnail","hentry","category-geral"],"_links":{"self":[{"href":"https:\/\/www.caririemacao.com\/1\/wp-json\/wp\/v2\/posts\/173085","targetHints":{"allow":["GET"]}}],"collection":[{"href":"https:\/\/www.caririemacao.com\/1\/wp-json\/wp\/v2\/posts"}],"about":[{"href":"https:\/\/www.caririemacao.com\/1\/wp-json\/wp\/v2\/types\/post"}],"author":[{"embeddable":true,"href":"https:\/\/www.caririemacao.com\/1\/wp-json\/wp\/v2\/users\/2"}],"replies":[{"embeddable":true,"href":"https:\/\/www.caririemacao.com\/1\/wp-json\/wp\/v2\/comments?post=173085"}],"version-history":[{"count":1,"href":"https:\/\/www.caririemacao.com\/1\/wp-json\/wp\/v2\/posts\/173085\/revisions"}],"predecessor-version":[{"id":173086,"href":"https:\/\/www.caririemacao.com\/1\/wp-json\/wp\/v2\/posts\/173085\/revisions\/173086"}],"wp:featuredmedia":[{"embeddable":true,"href":"https:\/\/www.caririemacao.com\/1\/wp-json\/wp\/v2\/media\/148949"}],"wp:attachment":[{"href":"https:\/\/www.caririemacao.com\/1\/wp-json\/wp\/v2\/media?parent=173085"}],"wp:term":[{"taxonomy":"category","embeddable":true,"href":"https:\/\/www.caririemacao.com\/1\/wp-json\/wp\/v2\/categories?post=173085"},{"taxonomy":"post_tag","embeddable":true,"href":"https:\/\/www.caririemacao.com\/1\/wp-json\/wp\/v2\/tags?post=173085"}],"curies":[{"name":"wp","href":"https:\/\/api.w.org\/{rel}","templated":true}]}}