{"id":173088,"date":"2020-06-05T13:57:30","date_gmt":"2020-06-05T16:57:30","guid":{"rendered":"https:\/\/www.caririemacao.com\/1\/?p=173088"},"modified":"2020-06-05T13:57:30","modified_gmt":"2020-06-05T16:57:30","slug":"prefeitura-de-sume-vai-iniciar-obras-de-calcamentos-em-19-ruas","status":"publish","type":"post","link":"https:\/\/www.caririemacao.com\/1\/2020\/06\/05\/prefeitura-de-sume-vai-iniciar-obras-de-calcamentos-em-19-ruas\/","title":{"rendered":"Prefeitura de Sum\u00e9 vai iniciar obras de cal\u00e7amentos em 19 ruas"},"content":{"rendered":"\n<p>A Prefeitura de Sum\u00e9 inicia em breve mais uma etapa de obras de cal\u00e7amentos na cidade. Ser\u00e3o 19 ruas, que somadas \u00e0s pavimenta\u00e7\u00f5es que vem acontecendo desde 2017, torna-se o maior programa de cal\u00e7amento da hist\u00f3ria do munic\u00edpio.<\/p>\n\n\n\n<p>A licita\u00e7\u00e3o para a obra j\u00e1 foi lan\u00e7ada e est\u00e1 marcada para acontecer no pr\u00f3ximo dia 19 de junho. O Edital encontra-se dispon\u00edvel no site da Prefeitura de Sum\u00e9\/ Portal da Transpar\u00eancia\/Licita\u00e7\u00f5es e no site do Tribunal de Contas do Estado.<\/p>\n\n\n\n<p>Ser\u00e3o executados 16.828 m\u00b2 de cal\u00e7amentos, num investimento de R$ 1.310.902,00 (um milh\u00e3o, trezentos e dez mil e novecentos e dois reais), recursos provenientes de emendas do deputado federal Wellington Roberto e uma contrapartida da Prefeitura.<\/p>\n\n\n\n<p>As 19 ruas contempladas nesta nova etapa e seus respectivos bairros s\u00e3o:<\/p>\n\n\n\n<p>&#8211; Rua Jos\u00e9 Cavalcante de Queiroz \u2013 Conjunto Pedro Ferreira;<\/p>\n\n\n\n<p>&#8211; Rua Santos Dumont \u2013 Bairro Carro Quebrado;<\/p>\n\n\n\n<p>&#8211; Rua Ivo de Luna Chaves \u2013 Conjunto Sebastiao Vitorino;<\/p>\n\n\n\n<p>&#8211; Rua Sebastiao Pires da Silva \u2013 Bairro Frei Damiao;<\/p>\n\n\n\n<p>&#8211; Rua Silv\u00e9rio Iz\u00eddio da Cruz \u2013 Bairro Renascer<\/p>\n\n\n\n<p>&#8211; Rua Alice Sim\u00f5es de Ara\u00fajo &#8211; Renascer<\/p>\n\n\n\n<p>&#8211; Rua Vilarina Aleixo &#8211; Renascer<\/p>\n\n\n\n<p>&#8211; Rua Estelita Ara\u00fajo Lucas &#8211; Renascer<\/p>\n\n\n\n<p>&#8211; Rua Severina Bezerra da Silva &#8211; Renascer<\/p>\n\n\n\n<p>&#8211; Rua Vereador Sebastiao Odon de Sousa &#8211; Renascer<\/p>\n\n\n\n<p>&#8211; Trecho da Rua Ata\u00edde D\u00e1rio de Oliveira \u2013 Santa Rosa<\/p>\n\n\n\n<p>&#8211; Rua Geremias de Oliveira Ara\u00fajo \u2013 Santa Rosa<\/p>\n\n\n\n<p>&#8211; Rua Jos\u00e9 Francisco Neco \u2013 Santa Rosa<\/p>\n\n\n\n<p>&#8211; Trecho da Rua Jos\u00e9 Paulino de Barros \u2013 Santa Rosa<\/p>\n\n\n\n<p>&#8211; Trecho da Rua Antonio Sabi\u00e1 \u2013 Santa Rosa<\/p>\n\n\n\n<p>&#8211; Rua Manoel Gomes de Assis \u2013 Alto Alegre<\/p>\n\n\n\n<p>&#8211; Rua Joao Fogueteiro \u2013 Alto Alegre<\/p>\n\n\n\n<p>&#8211; Rua Projetada 1 \u2013 Alto Alegre<\/p>\n\n\n\n<p>&#8211; Rua Projetada 2 \u2013 Alto Alegre<\/p>\n\n\n\n<p>Neste m\u00eas de maio, o prefeito entregou novas pavimenta\u00e7\u00f5es no bairro Renascer, nas ruas: Ant\u00f4nio Batista Gouveia, Ant\u00f4nia Severina de Lima, Rua Adalberto Vilar, Miguel Trezena, trecho da Rua Major Bruno de Freitas e Rua Manoel Alexandre de Ara\u00fajo. A Prefeitura tamb\u00e9m est\u00e1 finalizando pavimenta\u00e7\u00f5es nas ruas: Eum\u00eania Leite Rafael, Ana Maria Oliveira Quintans, Bartolomeu Maracaj\u00e1 e complemento da Rua Jo\u00e3o Aleixo Bezerra.<\/p>\n\n\n\n<p>At\u00e9 o final do ano, a Prefeitura de Sum\u00e9, na gest\u00e3o do prefeito \u00c9den Duarte, ter\u00e1 pavimentado 51 ruas no munic\u00edpio.<\/p>\n\n\n\n<p>Ascom PMS<\/p>\n","protected":false},"excerpt":{"rendered":"<p>A Prefeitura de Sum\u00e9 inicia em breve mais uma etapa de obras de cal\u00e7amentos na cidade. Ser\u00e3o 19 ruas, que somadas \u00e0s pavimenta\u00e7\u00f5es que vem&hellip; <\/p>\n","protected":false},"author":2,"featured_media":173089,"comment_status":"closed","ping_status":"closed","sticky":false,"template":"","format":"standard","meta":{"sfsi_plus_gutenberg_text_before_share":"","sfsi_plus_gutenberg_show_text_before_share":"","sfsi_plus_gutenberg_icon_type":"","sfsi_plus_gutenberg_icon_alignemt":"","sfsi_plus_gutenburg_max_per_row":"","footnotes":""},"categories":[2],"tags":[],"class_list":["post-173088","post","type-post","status-publish","format-standard","has-post-thumbnail","hentry","category-geral"],"_links":{"self":[{"href":"https:\/\/www.caririemacao.com\/1\/wp-json\/wp\/v2\/posts\/173088","targetHints":{"allow":["GET"]}}],"collection":[{"href":"https:\/\/www.caririemacao.com\/1\/wp-json\/wp\/v2\/posts"}],"about":[{"href":"https:\/\/www.caririemacao.com\/1\/wp-json\/wp\/v2\/types\/post"}],"author":[{"embeddable":true,"href":"https:\/\/www.caririemacao.com\/1\/wp-json\/wp\/v2\/users\/2"}],"replies":[{"embeddable":true,"href":"https:\/\/www.caririemacao.com\/1\/wp-json\/wp\/v2\/comments?post=173088"}],"version-history":[{"count":1,"href":"https:\/\/www.caririemacao.com\/1\/wp-json\/wp\/v2\/posts\/173088\/revisions"}],"predecessor-version":[{"id":173090,"href":"https:\/\/www.caririemacao.com\/1\/wp-json\/wp\/v2\/posts\/173088\/revisions\/173090"}],"wp:featuredmedia":[{"embeddable":true,"href":"https:\/\/www.caririemacao.com\/1\/wp-json\/wp\/v2\/media\/173089"}],"wp:attachment":[{"href":"https:\/\/www.caririemacao.com\/1\/wp-json\/wp\/v2\/media?parent=173088"}],"wp:term":[{"taxonomy":"category","embeddable":true,"href":"https:\/\/www.caririemacao.com\/1\/wp-json\/wp\/v2\/categories?post=173088"},{"taxonomy":"post_tag","embeddable":true,"href":"https:\/\/www.caririemacao.com\/1\/wp-json\/wp\/v2\/tags?post=173088"}],"curies":[{"name":"wp","href":"https:\/\/api.w.org\/{rel}","templated":true}]}}