{"id":173092,"date":"2020-06-05T14:17:25","date_gmt":"2020-06-05T17:17:25","guid":{"rendered":"https:\/\/www.caririemacao.com\/1\/?p=173092"},"modified":"2020-06-05T14:17:25","modified_gmt":"2020-06-05T17:17:25","slug":"prefeitura-de-sao-jose-dos-cordeiros-recupera-estradas-da-zona-rural","status":"publish","type":"post","link":"https:\/\/www.caririemacao.com\/1\/2020\/06\/05\/prefeitura-de-sao-jose-dos-cordeiros-recupera-estradas-da-zona-rural\/","title":{"rendered":"Prefeitura de S\u00e3o Jos\u00e9 dos Cordeiros recupera estradas da zona rural"},"content":{"rendered":"\n<p>A Prefeitura de S\u00e3o Jos\u00e9 dos Cordeiros, atrav\u00e9s da Secretaria de Agricultura, atendendo a pedido da popula\u00e7\u00e3o, iniciou pelo acesso \u00e0 Livramento a recupera\u00e7\u00e3o de estradas da zona rural!<br><br>Mesmo n\u00e3o sendo obriga\u00e7\u00e3o do munic\u00edpio, por ser uma rodovia estadual, a gest\u00e3o municipal entende a import\u00e2ncia dessa estrada e come\u00e7ou por ela o programa anual de recupera\u00e7\u00e3o de estradas dentro do munic\u00edpio!<br><br>Em breve, a prefeitura ir\u00e1 recuperar todos os trechos da nossa zona rural, come\u00e7ando pelos mais prejudicados pelas chuvas!<br><\/p>\n","protected":false},"excerpt":{"rendered":"<p>A Prefeitura de S\u00e3o Jos\u00e9 dos Cordeiros, atrav\u00e9s da Secretaria de Agricultura, atendendo a pedido da popula\u00e7\u00e3o, iniciou pelo acesso \u00e0 Livramento a recupera\u00e7\u00e3o de&hellip; <\/p>\n","protected":false},"author":1,"featured_media":173093,"comment_status":"closed","ping_status":"closed","sticky":false,"template":"","format":"standard","meta":{"sfsi_plus_gutenberg_text_before_share":"","sfsi_plus_gutenberg_show_text_before_share":"","sfsi_plus_gutenberg_icon_type":"","sfsi_plus_gutenberg_icon_alignemt":"","sfsi_plus_gutenburg_max_per_row":"","footnotes":""},"categories":[6,50],"tags":[],"class_list":["post-173092","post","type-post","status-publish","format-standard","has-post-thumbnail","hentry","category-cidades","category-destaque"],"_links":{"self":[{"href":"https:\/\/www.caririemacao.com\/1\/wp-json\/wp\/v2\/posts\/173092","targetHints":{"allow":["GET"]}}],"collection":[{"href":"https:\/\/www.caririemacao.com\/1\/wp-json\/wp\/v2\/posts"}],"about":[{"href":"https:\/\/www.caririemacao.com\/1\/wp-json\/wp\/v2\/types\/post"}],"author":[{"embeddable":true,"href":"https:\/\/www.caririemacao.com\/1\/wp-json\/wp\/v2\/users\/1"}],"replies":[{"embeddable":true,"href":"https:\/\/www.caririemacao.com\/1\/wp-json\/wp\/v2\/comments?post=173092"}],"version-history":[{"count":1,"href":"https:\/\/www.caririemacao.com\/1\/wp-json\/wp\/v2\/posts\/173092\/revisions"}],"predecessor-version":[{"id":173094,"href":"https:\/\/www.caririemacao.com\/1\/wp-json\/wp\/v2\/posts\/173092\/revisions\/173094"}],"wp:featuredmedia":[{"embeddable":true,"href":"https:\/\/www.caririemacao.com\/1\/wp-json\/wp\/v2\/media\/173093"}],"wp:attachment":[{"href":"https:\/\/www.caririemacao.com\/1\/wp-json\/wp\/v2\/media?parent=173092"}],"wp:term":[{"taxonomy":"category","embeddable":true,"href":"https:\/\/www.caririemacao.com\/1\/wp-json\/wp\/v2\/categories?post=173092"},{"taxonomy":"post_tag","embeddable":true,"href":"https:\/\/www.caririemacao.com\/1\/wp-json\/wp\/v2\/tags?post=173092"}],"curies":[{"name":"wp","href":"https:\/\/api.w.org\/{rel}","templated":true}]}}