{"id":173096,"date":"2020-06-05T14:20:54","date_gmt":"2020-06-05T17:20:54","guid":{"rendered":"https:\/\/www.caririemacao.com\/1\/?p=173096"},"modified":"2020-06-05T14:20:54","modified_gmt":"2020-06-05T17:20:54","slug":"auxilio-emergencial-como-conferir-se-o-cpf-foi-usado-em-uma-fraude","status":"publish","type":"post","link":"https:\/\/www.caririemacao.com\/1\/2020\/06\/05\/auxilio-emergencial-como-conferir-se-o-cpf-foi-usado-em-uma-fraude\/","title":{"rendered":"Aux\u00edlio emergencial: como conferir se o CPF foi usado em uma fraude"},"content":{"rendered":"\n<h2 class=\"wp-block-heading\"><\/h2>\n\n\n\n<p>Os brasileiros que suspeitam de fraudes no pedido de aux\u00edlio emergencial com o uso dos seus dados podem consultar a&nbsp;<a href=\"https:\/\/consultaauxilio.dataprev.gov.br\/consulta\/#\/\" target=\"_blank\" rel=\"noreferrer noopener\">p\u00e1gina do benef\u00edcio para verificar as informa\u00e7\u00f5es<\/a>.<\/p>\n\n\n\n<p>Nessa p\u00e1gina, o cidad\u00e3o deve informar CPF, nome completo, nome da m\u00e3e e data de nascimento.<\/p>\n\n\n\n<p>Segundo o tutorial para consultar a situa\u00e7\u00e3o do benef\u00edcio, h\u00e1 cinco respostas poss\u00edveis para o pedido de aux\u00edlio que podem ajudar a entender se h\u00e1 algo de errado com o cadastro.<\/p>\n\n\n\n<p>Confira as respostas poss\u00edveis indicadas no tutorial:<\/p>\n\n\n\n<p><strong>Benef\u00edcio aprovado:<\/strong>&nbsp;Significa que o cidad\u00e3o \u00e9 eleg\u00edvel a receber o aux\u00edlio emergencial. A data de envio para a Caixa n\u00e3o representa a data efetiva do pagamento do benef\u00edcio. O calend\u00e1rio de pagamento dos benefici\u00e1rios dever\u00e1 ser consultado diretamente no&nbsp;<a href=\"https:\/\/auxilio.caixa.gov.br\/\" target=\"_blank\" rel=\"noreferrer noopener\"><em>site<\/em>&nbsp;da Caixa<\/a>.<\/p>\n\n\n\n<p><strong>Benef\u00edcio n\u00e3o aprovado:&nbsp;<\/strong>Significa que o cidad\u00e3o n\u00e3o \u00e9 eleg\u00edvel a receber o aux\u00edlio emergencial. Na mesma tela, o cidad\u00e3o poder\u00e1 verificar qual crit\u00e9rio n\u00e3o foi atendido, motivo que causou a sua inelegibilidade ao benef\u00edcio.<\/p>\n\n\n\n<p><strong>Requerimento n\u00e3o encontrado:<\/strong>&nbsp;Caso o requerimento do cidad\u00e3o ainda n\u00e3o tenha sido recebido pela Dataprev, \u00e9 apresentada a mensagem &#8220;Requerimento n\u00e3o encontrado&#8221;.<\/p>\n\n\n\n<p><strong>Requerimento retido:<\/strong>&nbsp;A mensagem significa que o cadastro foi retido pela equipe de homologa\u00e7\u00e3o do Minist\u00e9rio da Cidadania em fun\u00e7\u00e3o da complexidade de cen\u00e1rios e cruzamentos. Com isso, ser\u00e1 realizado novo reprocessamento das informa\u00e7\u00f5es pela Dataprev.<\/p>\n\n\n\n<p><strong>Dados inconclusivos:&nbsp;<\/strong>Caso o sistema identifique problemas nos dados do cidad\u00e3o que impe\u00e7am a an\u00e1lise para concess\u00e3o do benef\u00edcio, o sistema vai orientar que se realize um novo requerimento no&nbsp;<em>site<\/em>&nbsp;da Caixa para complementar ou confirmar seus dados cadastrais ou de sua fam\u00edlia.<\/p>\n\n\n\n<p>Assim, observando essas respostas, \u00e9 poss\u00edvel saber se algu\u00e9m usou os dados indevidamente para pedir o benef\u00edcio.<\/p>\n\n\n\n<p>Segundo o Minist\u00e9rio da Cidadania, em casos suspeitos de fraude no aux\u00edlio emergencial, o cidad\u00e3o deve registrar den\u00fancia no sistema Fala.Br (Plataforma integrada de Ouvidoria e Acesso \u00e0 Informa\u00e7\u00e3o da Controladoria Geral da Uni\u00e3o &#8211; CGU),&nbsp;<a href=\"http:\/\/internet:%20https\/\/falabr.cgu.gov.br\/publico\/Manifestacao\/SelecionarTipoManifestacao.aspx?ReturnUrl=%2f\" target=\"_blank\" rel=\"noreferrer noopener\">dispon\u00edvel na internet<\/a>&nbsp;ou pelos telefones 121 ou 0800 7070 2003.<\/p>\n","protected":false},"excerpt":{"rendered":"<p>Os brasileiros que suspeitam de fraudes no pedido de aux\u00edlio emergencial com o uso dos seus dados podem consultar a&nbsp;p\u00e1gina do benef\u00edcio para verificar as&hellip; <\/p>\n","protected":false},"author":2,"featured_media":173097,"comment_status":"closed","ping_status":"closed","sticky":false,"template":"","format":"standard","meta":{"sfsi_plus_gutenberg_text_before_share":"","sfsi_plus_gutenberg_show_text_before_share":"","sfsi_plus_gutenberg_icon_type":"","sfsi_plus_gutenberg_icon_alignemt":"","sfsi_plus_gutenburg_max_per_row":"","footnotes":""},"categories":[2],"tags":[],"class_list":["post-173096","post","type-post","status-publish","format-standard","has-post-thumbnail","hentry","category-geral"],"_links":{"self":[{"href":"https:\/\/www.caririemacao.com\/1\/wp-json\/wp\/v2\/posts\/173096","targetHints":{"allow":["GET"]}}],"collection":[{"href":"https:\/\/www.caririemacao.com\/1\/wp-json\/wp\/v2\/posts"}],"about":[{"href":"https:\/\/www.caririemacao.com\/1\/wp-json\/wp\/v2\/types\/post"}],"author":[{"embeddable":true,"href":"https:\/\/www.caririemacao.com\/1\/wp-json\/wp\/v2\/users\/2"}],"replies":[{"embeddable":true,"href":"https:\/\/www.caririemacao.com\/1\/wp-json\/wp\/v2\/comments?post=173096"}],"version-history":[{"count":1,"href":"https:\/\/www.caririemacao.com\/1\/wp-json\/wp\/v2\/posts\/173096\/revisions"}],"predecessor-version":[{"id":173098,"href":"https:\/\/www.caririemacao.com\/1\/wp-json\/wp\/v2\/posts\/173096\/revisions\/173098"}],"wp:featuredmedia":[{"embeddable":true,"href":"https:\/\/www.caririemacao.com\/1\/wp-json\/wp\/v2\/media\/173097"}],"wp:attachment":[{"href":"https:\/\/www.caririemacao.com\/1\/wp-json\/wp\/v2\/media?parent=173096"}],"wp:term":[{"taxonomy":"category","embeddable":true,"href":"https:\/\/www.caririemacao.com\/1\/wp-json\/wp\/v2\/categories?post=173096"},{"taxonomy":"post_tag","embeddable":true,"href":"https:\/\/www.caririemacao.com\/1\/wp-json\/wp\/v2\/tags?post=173096"}],"curies":[{"name":"wp","href":"https:\/\/api.w.org\/{rel}","templated":true}]}}