{"id":173102,"date":"2020-06-05T14:35:25","date_gmt":"2020-06-05T17:35:25","guid":{"rendered":"https:\/\/www.caririemacao.com\/1\/?p=173102"},"modified":"2020-06-05T14:39:30","modified_gmt":"2020-06-05T17:39:30","slug":"prefeito-de-sao-jose-dos-cordeiros-participa-de-mais-uma-reuniao-online","status":"publish","type":"post","link":"https:\/\/www.caririemacao.com\/1\/2020\/06\/05\/prefeito-de-sao-jose-dos-cordeiros-participa-de-mais-uma-reuniao-online\/","title":{"rendered":"Prefeito de S\u00e3o Jos\u00e9 dos Cordeiros participa de mais uma reuni\u00e3o online junto com sua equipe de secret\u00e1rios"},"content":{"rendered":"\n<p>O prefeito de S\u00e3o Jos\u00e9 dos Cordeiros, Jefferson Roberto, se reuniu na \u00faltima quinta-feira 4, para falar sobre a\u00e7\u00f5es de combate ao covid-19 e sobre a\u00e7\u00f5es das Secretarias que vem sendo desempenhadas no munic\u00edpio. <\/p>\n\n\n\n<p>&#8220;Reunimos ontem nossa equipe de trabalho para falar sobre a\u00e7\u00f5es de combate ao covid e a\u00e7\u00f5es das secretarias que estamos realizando em prol da melhoria de vida da nossa popula\u00e7\u00e3o. Primeiramente agrade\u00e7o a Deus e depois a eles, aos demais funcion\u00e1rios, aos parceiros e a nossa popula\u00e7\u00e3o por estarmos conseguindo fazer um bom trabalho para que nossa cidade continue no caminho do desenvolvimento&#8221; afirmou o prefeito.<\/p>\n","protected":false},"excerpt":{"rendered":"<p>O prefeito de S\u00e3o Jos\u00e9 dos Cordeiros, Jefferson Roberto, se reuniu na \u00faltima quinta-feira 4, para falar sobre a\u00e7\u00f5es de combate ao covid-19 e sobre&hellip; <\/p>\n","protected":false},"author":1,"featured_media":173111,"comment_status":"closed","ping_status":"closed","sticky":false,"template":"","format":"standard","meta":{"sfsi_plus_gutenberg_text_before_share":"","sfsi_plus_gutenberg_show_text_before_share":"","sfsi_plus_gutenberg_icon_type":"","sfsi_plus_gutenberg_icon_alignemt":"","sfsi_plus_gutenburg_max_per_row":"","footnotes":""},"categories":[6,50],"tags":[],"class_list":["post-173102","post","type-post","status-publish","format-standard","has-post-thumbnail","hentry","category-cidades","category-destaque"],"_links":{"self":[{"href":"https:\/\/www.caririemacao.com\/1\/wp-json\/wp\/v2\/posts\/173102","targetHints":{"allow":["GET"]}}],"collection":[{"href":"https:\/\/www.caririemacao.com\/1\/wp-json\/wp\/v2\/posts"}],"about":[{"href":"https:\/\/www.caririemacao.com\/1\/wp-json\/wp\/v2\/types\/post"}],"author":[{"embeddable":true,"href":"https:\/\/www.caririemacao.com\/1\/wp-json\/wp\/v2\/users\/1"}],"replies":[{"embeddable":true,"href":"https:\/\/www.caririemacao.com\/1\/wp-json\/wp\/v2\/comments?post=173102"}],"version-history":[{"count":2,"href":"https:\/\/www.caririemacao.com\/1\/wp-json\/wp\/v2\/posts\/173102\/revisions"}],"predecessor-version":[{"id":173116,"href":"https:\/\/www.caririemacao.com\/1\/wp-json\/wp\/v2\/posts\/173102\/revisions\/173116"}],"wp:featuredmedia":[{"embeddable":true,"href":"https:\/\/www.caririemacao.com\/1\/wp-json\/wp\/v2\/media\/173111"}],"wp:attachment":[{"href":"https:\/\/www.caririemacao.com\/1\/wp-json\/wp\/v2\/media?parent=173102"}],"wp:term":[{"taxonomy":"category","embeddable":true,"href":"https:\/\/www.caririemacao.com\/1\/wp-json\/wp\/v2\/categories?post=173102"},{"taxonomy":"post_tag","embeddable":true,"href":"https:\/\/www.caririemacao.com\/1\/wp-json\/wp\/v2\/tags?post=173102"}],"curies":[{"name":"wp","href":"https:\/\/api.w.org\/{rel}","templated":true}]}}