{"id":173103,"date":"2020-06-05T14:27:45","date_gmt":"2020-06-05T17:27:45","guid":{"rendered":"https:\/\/www.caririemacao.com\/1\/?p=173103"},"modified":"2020-06-05T14:27:45","modified_gmt":"2020-06-05T17:27:45","slug":"cesta-de-compras-de-familias-de-renda-mais-baixa-tem-queda-de-030","status":"publish","type":"post","link":"https:\/\/www.caririemacao.com\/1\/2020\/06\/05\/cesta-de-compras-de-familias-de-renda-mais-baixa-tem-queda-de-030\/","title":{"rendered":"Cesta de compras de fam\u00edlias de renda mais baixa tem queda de 0,30%"},"content":{"rendered":"\n<h2 class=\"wp-block-heading\"><\/h2>\n\n\n\n<p>O \u00cdndice de Pre\u00e7os ao Consumidor &#8211; Classe 1 (IPC-C1), que mede a varia\u00e7\u00e3o da cesta de compras de fam\u00edlias com renda at\u00e9 2,5 sal\u00e1rios m\u00ednimos, registrou defla\u00e7\u00e3o (queda de pre\u00e7os) de 0,30% em maio deste ano. A taxa ficou abaixo da registrada em abril, que indicou infla\u00e7\u00e3o de 0,04%.<\/p>\n\n\n\n<p>Segundo os dados divulgados hoje (5) pela Funda\u00e7\u00e3o Getulio Vargas (FGV), o IPC-C1 acumula taxas de infla\u00e7\u00e3o de 0,81% no ano e de 2,59% em 12 meses.<\/p>\n\n\n\n<p>Na compara\u00e7\u00e3o com o \u00cdndice de Pre\u00e7os ao Consumidor \u2013 Brasil (IPC-BR), que mede a infla\u00e7\u00e3o para todas as faixas de renda, o IPC-C1 registrou defla\u00e7\u00e3o menos intensa em maio e infla\u00e7\u00e3o maior em 12 meses, j\u00e1 que o IPC-BR teve taxas de -0,59% em maio e de 1,83% em 12 meses.<\/p>\n\n\n\n<p>Sete das oito classes de despesa que comp\u00f5em o IPC-C1 registraram queda em suas taxas de varia\u00e7\u00e3o de abril para maio: alimenta\u00e7\u00e3o (de 1,29% para 0,67%), habita\u00e7\u00e3o (de 0,16% para -0,25%), educa\u00e7\u00e3o, leitura e recrea\u00e7\u00e3o (de -0,76% para -1,97%), sa\u00fade e cuidados pessoais (de 0,29% para 0,19%), despesas diversas (de 0,34% para 0,14%), transportes (de -1,87% para -1,97%) e comunica\u00e7\u00e3o (de 0,05% para 0,03%).<\/p>\n\n\n\n<p>Por outro lado, o grupo vestu\u00e1rio teve alta na taxa, apesar de continuar registrando defla\u00e7\u00e3o (de -0,24% para -0,17%).<\/p>\n","protected":false},"excerpt":{"rendered":"<p>O \u00cdndice de Pre\u00e7os ao Consumidor &#8211; Classe 1 (IPC-C1), que mede a varia\u00e7\u00e3o da cesta de compras de fam\u00edlias com renda at\u00e9 2,5 sal\u00e1rios&hellip; <\/p>\n","protected":false},"author":2,"featured_media":173105,"comment_status":"closed","ping_status":"closed","sticky":false,"template":"","format":"standard","meta":{"sfsi_plus_gutenberg_text_before_share":"","sfsi_plus_gutenberg_show_text_before_share":"","sfsi_plus_gutenberg_icon_type":"","sfsi_plus_gutenberg_icon_alignemt":"","sfsi_plus_gutenburg_max_per_row":"","footnotes":""},"categories":[2],"tags":[],"class_list":["post-173103","post","type-post","status-publish","format-standard","has-post-thumbnail","hentry","category-geral"],"_links":{"self":[{"href":"https:\/\/www.caririemacao.com\/1\/wp-json\/wp\/v2\/posts\/173103","targetHints":{"allow":["GET"]}}],"collection":[{"href":"https:\/\/www.caririemacao.com\/1\/wp-json\/wp\/v2\/posts"}],"about":[{"href":"https:\/\/www.caririemacao.com\/1\/wp-json\/wp\/v2\/types\/post"}],"author":[{"embeddable":true,"href":"https:\/\/www.caririemacao.com\/1\/wp-json\/wp\/v2\/users\/2"}],"replies":[{"embeddable":true,"href":"https:\/\/www.caririemacao.com\/1\/wp-json\/wp\/v2\/comments?post=173103"}],"version-history":[{"count":1,"href":"https:\/\/www.caririemacao.com\/1\/wp-json\/wp\/v2\/posts\/173103\/revisions"}],"predecessor-version":[{"id":173106,"href":"https:\/\/www.caririemacao.com\/1\/wp-json\/wp\/v2\/posts\/173103\/revisions\/173106"}],"wp:featuredmedia":[{"embeddable":true,"href":"https:\/\/www.caririemacao.com\/1\/wp-json\/wp\/v2\/media\/173105"}],"wp:attachment":[{"href":"https:\/\/www.caririemacao.com\/1\/wp-json\/wp\/v2\/media?parent=173103"}],"wp:term":[{"taxonomy":"category","embeddable":true,"href":"https:\/\/www.caririemacao.com\/1\/wp-json\/wp\/v2\/categories?post=173103"},{"taxonomy":"post_tag","embeddable":true,"href":"https:\/\/www.caririemacao.com\/1\/wp-json\/wp\/v2\/tags?post=173103"}],"curies":[{"name":"wp","href":"https:\/\/api.w.org\/{rel}","templated":true}]}}