{"id":173104,"date":"2020-06-05T14:30:31","date_gmt":"2020-06-05T17:30:31","guid":{"rendered":"https:\/\/www.caririemacao.com\/1\/?p=173104"},"modified":"2020-06-05T14:30:31","modified_gmt":"2020-06-05T17:30:31","slug":"prefeitura-de-monteiro-esclarece-sobre-sepultamento-de-pessoa-com-covid-19","status":"publish","type":"post","link":"https:\/\/www.caririemacao.com\/1\/2020\/06\/05\/prefeitura-de-monteiro-esclarece-sobre-sepultamento-de-pessoa-com-covid-19\/","title":{"rendered":"Prefeitura de Monteiro esclarece sobre sepultamento de pessoa com Covid-19"},"content":{"rendered":"\n<p>A Prefeitura de Monteiro vem a p\u00fablico esclarecer sobre as not\u00edcias falsas que vem circulando nas redes sociais a respeito do sepultamento realizado no in\u00edcio da noite desta quinta-feira, 04, no Cemit\u00e9rio Jardim da Paz, como se tratasse da primeira v\u00edtima do Covid &#8211; 19 do munic\u00edpio.<\/p>\n\n\n\n<p>Trata-se realmente do sepultamento de uma pessoa acometida pelo Covid-19, mas, que n\u00e3o faz parte da estat\u00edstica municipal,&nbsp; pois a v\u00edtima apesar de ser monteirense residia h\u00e1 muitos anos na cidade de Campina Grande aonde contraiu o v\u00edrus e posteriormente foi removida para a capital do Estado, vindo \u00e0 \u00f3bito nesta quinta-feira.<br>A pedido da v\u00edtima, a fam\u00edlia decidiu pelo supultamento na cidade de Monteiro, trazendo o corpo com todas as normas de seguran\u00e7a exigidos.<br>Reiteramos que as not\u00edcias verdadeiras e&nbsp; oficiais est\u00e3o dispon\u00edveis atrav\u00e9s dos canais oficiais da Prefeitura de Monteiro nas redes sociais e no site www.monteiro.pb.gov.br<br>Reafirmamos ainda que est\u00e1 em vigor at\u00e9 o dia 15\/06 o decreto que disp\u00f5e sobre normas para esta quartentena.<\/p>\n","protected":false},"excerpt":{"rendered":"<p>A Prefeitura de Monteiro vem a p\u00fablico esclarecer sobre as not\u00edcias falsas que vem circulando nas redes sociais a respeito do sepultamento realizado no in\u00edcio&hellip; <\/p>\n","protected":false},"author":1,"featured_media":173107,"comment_status":"closed","ping_status":"closed","sticky":false,"template":"","format":"standard","meta":{"sfsi_plus_gutenberg_text_before_share":"","sfsi_plus_gutenberg_show_text_before_share":"","sfsi_plus_gutenberg_icon_type":"","sfsi_plus_gutenberg_icon_alignemt":"","sfsi_plus_gutenburg_max_per_row":"","footnotes":""},"categories":[6,50],"tags":[],"class_list":["post-173104","post","type-post","status-publish","format-standard","has-post-thumbnail","hentry","category-cidades","category-destaque"],"_links":{"self":[{"href":"https:\/\/www.caririemacao.com\/1\/wp-json\/wp\/v2\/posts\/173104","targetHints":{"allow":["GET"]}}],"collection":[{"href":"https:\/\/www.caririemacao.com\/1\/wp-json\/wp\/v2\/posts"}],"about":[{"href":"https:\/\/www.caririemacao.com\/1\/wp-json\/wp\/v2\/types\/post"}],"author":[{"embeddable":true,"href":"https:\/\/www.caririemacao.com\/1\/wp-json\/wp\/v2\/users\/1"}],"replies":[{"embeddable":true,"href":"https:\/\/www.caririemacao.com\/1\/wp-json\/wp\/v2\/comments?post=173104"}],"version-history":[{"count":1,"href":"https:\/\/www.caririemacao.com\/1\/wp-json\/wp\/v2\/posts\/173104\/revisions"}],"predecessor-version":[{"id":173109,"href":"https:\/\/www.caririemacao.com\/1\/wp-json\/wp\/v2\/posts\/173104\/revisions\/173109"}],"wp:featuredmedia":[{"embeddable":true,"href":"https:\/\/www.caririemacao.com\/1\/wp-json\/wp\/v2\/media\/173107"}],"wp:attachment":[{"href":"https:\/\/www.caririemacao.com\/1\/wp-json\/wp\/v2\/media?parent=173104"}],"wp:term":[{"taxonomy":"category","embeddable":true,"href":"https:\/\/www.caririemacao.com\/1\/wp-json\/wp\/v2\/categories?post=173104"},{"taxonomy":"post_tag","embeddable":true,"href":"https:\/\/www.caririemacao.com\/1\/wp-json\/wp\/v2\/tags?post=173104"}],"curies":[{"name":"wp","href":"https:\/\/api.w.org\/{rel}","templated":true}]}}